{"id":1240,"date":"2025-04-28T13:13:08","date_gmt":"2025-04-28T13:13:08","guid":{"rendered":"https:\/\/www.mydistrigo.be\/lairco-cest-maintenant-que-ca-se-joue\/"},"modified":"2025-12-11T10:10:35","modified_gmt":"2025-12-11T10:10:35","slug":"nu-is-het-tijd-voor-de-airco","status":"publish","type":"post","link":"https:\/\/www.mydistrigo.be\/nl\/nu-is-het-tijd-voor-de-airco\/","title":{"rendered":"Nu is het tijd voor de airco"},"content":{"rendered":"<p>Als de temperaturen stijgen, stijgt ook het aircogebruik in de wagen. En voor je klanten is er niets vervelender dan een airco die niet goed werkt of nare geuren verspreidt, net wanneer ze hem het hardst nodig hebben.<\/p>\n<p>Daarom is dit het ideale moment om hen een <strong>airco-onderhoud<\/strong> voor te stellen in je werkplaats. Bovenop het <strong>thermisch comfort<\/strong>, zijn je klanten zo immers ook gerust over de <strong>gezondheid van alle inzittenden<\/strong> en <strong>de prestaties van de wagen<\/strong>.<\/p>\n<hr style=\"border-top-color: #aaaaaa;\" \/>\n<h3><span style=\"text-decoration: underline;\"><strong>Waarom is het belangrijk deze dienst aan te bieden?<\/strong><\/span><\/h3>\n<ul>\n<li>Koelgas bijvullen zorgt voor effici\u00ebnte airconditioning.<\/li>\n<li>Reiniging voorkomt bacteri\u00ebn, onaangename geurtjes en allergie\u00ebn.<\/li>\n<li>Het is snel, kosteneffectief en geruststellend voor de klant.<\/li>\n<\/ul>\n<div class=\"conseils\">\n<u>Het DISTRIGO-advies:<\/u><br \/>\nVoeg een airco-controle toe aan je offerte.\n<\/div>\n","protected":false},"excerpt":{"rendered":"Als de temperaturen stijgen, stijgt ook het aircogebruik in de wagen. En voor je klanten is er niets vervelender dan een airco die niet goed werkt of nare geuren verspreidt, net wanneer ze hem het hardst nodig hebben. Daarom is dit het ideale moment om hen een airco-onderhoud voor te stellen in je werkplaats. Bovenop (&#8230;)","protected":false},"author":2,"featured_media":1227,"comment_status":"open","ping_status":"open","sticky":false,"template":"","format":"standard","meta":{"_acf_changed":false,"footnotes":""},"categories":[81],"tags":[],"class_list":["post-1240","post","type-post","status-publish","format-standard","has-post-thumbnail","hentry","category-filters"],"acf":[],"yoast_head":"<!-- This site is optimized with the Yoast SEO plugin v27.5 - https:\/\/yoast.com\/product\/yoast-seo-wordpress\/ -->\n<title>Notre actualit\u00e9 \u2013 Solutions professionnelles | DISTRIGO<\/title>\n<meta name=\"description\" content=\"L\u2019arriv\u00e9e des temp\u00e9ratures plus \u00e9lev\u00e9es marque le grand retour de l\u2019air conditionn\u00e9 dans les habitudes de conduite.\" \/>\n<meta name=\"robots\" content=\"index, follow, max-snippet:-1, max-image-preview:large, max-video-preview:-1\" \/>\n<link rel=\"canonical\" href=\"https:\/\/www.mydistrigo.be\/nl\/nu-is-het-tijd-voor-de-airco\/\" \/>\n<meta property=\"og:locale\" content=\"nl_NL\" \/>\n<meta property=\"og:type\" content=\"article\" \/>\n<meta property=\"og:title\" content=\"Notre actualit\u00e9 \u2013 Solutions professionnelles | DISTRIGO\" \/>\n<meta property=\"og:description\" content=\"L\u2019arriv\u00e9e des temp\u00e9ratures plus \u00e9lev\u00e9es marque le grand retour de l\u2019air conditionn\u00e9 dans les habitudes de conduite.\" \/>\n<meta property=\"og:url\" content=\"https:\/\/www.mydistrigo.be\/nl\/nu-is-het-tijd-voor-de-airco\/\" \/>\n<meta property=\"og:site_name\" content=\"MyDistrigo\" \/>\n<meta property=\"article:published_time\" content=\"2025-04-28T13:13:08+00:00\" \/>\n<meta property=\"article:modified_time\" content=\"2025-12-11T10:10:35+00:00\" \/>\n<meta property=\"og:image\" content=\"https:\/\/www.mydistrigo.be\/wp-content\/uploads\/2025\/04\/airco-header.jpg\" \/>\n\t<meta property=\"og:image:width\" content=\"900\" \/>\n\t<meta property=\"og:image:height\" content=\"375\" \/>\n\t<meta property=\"og:image:type\" content=\"image\/jpeg\" \/>\n<meta name=\"author\" content=\"EpamOlivier\" \/>\n<meta name=\"twitter:card\" content=\"summary_large_image\" \/>\n<meta name=\"twitter:label1\" content=\"Geschreven door\" \/>\n\t<meta name=\"twitter:data1\" content=\"EpamOlivier\" \/>\n\t<meta name=\"twitter:label2\" content=\"Geschatte leestijd\" \/>\n\t<meta name=\"twitter:data2\" content=\"1 minuut\" \/>\n<script type=\"application\/ld+json\" class=\"yoast-schema-graph\">{\"@context\":\"https:\\\/\\\/schema.org\",\"@graph\":[{\"@type\":\"Article\",\"@id\":\"https:\\\/\\\/www.mydistrigo.be\\\/nl\\\/nu-is-het-tijd-voor-de-airco\\\/#article\",\"isPartOf\":{\"@id\":\"https:\\\/\\\/www.mydistrigo.be\\\/nl\\\/nu-is-het-tijd-voor-de-airco\\\/\"},\"author\":{\"name\":\"EpamOlivier\",\"@id\":\"https:\\\/\\\/www.mydistrigo.be\\\/nl\\\/#\\\/schema\\\/person\\\/b89d951a23c8ca75dca3377593bd7f61\"},\"headline\":\"Nu is het tijd voor de airco\",\"datePublished\":\"2025-04-28T13:13:08+00:00\",\"dateModified\":\"2025-12-11T10:10:35+00:00\",\"mainEntityOfPage\":{\"@id\":\"https:\\\/\\\/www.mydistrigo.be\\\/nl\\\/nu-is-het-tijd-voor-de-airco\\\/\"},\"wordCount\":127,\"commentCount\":0,\"publisher\":{\"@id\":\"https:\\\/\\\/www.mydistrigo.be\\\/nl\\\/#organization\"},\"image\":{\"@id\":\"https:\\\/\\\/www.mydistrigo.be\\\/nl\\\/nu-is-het-tijd-voor-de-airco\\\/#primaryimage\"},\"thumbnailUrl\":\"https:\\\/\\\/www.mydistrigo.be\\\/wp-content\\\/uploads\\\/2025\\\/04\\\/airco-header.jpg\",\"articleSection\":[\"Filters\"],\"inLanguage\":\"nl-NL\",\"potentialAction\":[{\"@type\":\"CommentAction\",\"name\":\"Comment\",\"target\":[\"https:\\\/\\\/www.mydistrigo.be\\\/nl\\\/nu-is-het-tijd-voor-de-airco\\\/#respond\"]}]},{\"@type\":\"WebPage\",\"@id\":\"https:\\\/\\\/www.mydistrigo.be\\\/nl\\\/nu-is-het-tijd-voor-de-airco\\\/\",\"url\":\"https:\\\/\\\/www.mydistrigo.be\\\/nl\\\/nu-is-het-tijd-voor-de-airco\\\/\",\"name\":\"Notre actualit\u00e9 \u2013 Solutions professionnelles | DISTRIGO\",\"isPartOf\":{\"@id\":\"https:\\\/\\\/www.mydistrigo.be\\\/nl\\\/#website\"},\"primaryImageOfPage\":{\"@id\":\"https:\\\/\\\/www.mydistrigo.be\\\/nl\\\/nu-is-het-tijd-voor-de-airco\\\/#primaryimage\"},\"image\":{\"@id\":\"https:\\\/\\\/www.mydistrigo.be\\\/nl\\\/nu-is-het-tijd-voor-de-airco\\\/#primaryimage\"},\"thumbnailUrl\":\"https:\\\/\\\/www.mydistrigo.be\\\/wp-content\\\/uploads\\\/2025\\\/04\\\/airco-header.jpg\",\"datePublished\":\"2025-04-28T13:13:08+00:00\",\"dateModified\":\"2025-12-11T10:10:35+00:00\",\"description\":\"L\u2019arriv\u00e9e des temp\u00e9ratures plus \u00e9lev\u00e9es marque le grand retour de l\u2019air conditionn\u00e9 dans les habitudes de conduite.\",\"breadcrumb\":{\"@id\":\"https:\\\/\\\/www.mydistrigo.be\\\/nl\\\/nu-is-het-tijd-voor-de-airco\\\/#breadcrumb\"},\"inLanguage\":\"nl-NL\",\"potentialAction\":[{\"@type\":\"ReadAction\",\"target\":[\"https:\\\/\\\/www.mydistrigo.be\\\/nl\\\/nu-is-het-tijd-voor-de-airco\\\/\"]}]},{\"@type\":\"ImageObject\",\"inLanguage\":\"nl-NL\",\"@id\":\"https:\\\/\\\/www.mydistrigo.be\\\/nl\\\/nu-is-het-tijd-voor-de-airco\\\/#primaryimage\",\"url\":\"https:\\\/\\\/www.mydistrigo.be\\\/wp-content\\\/uploads\\\/2025\\\/04\\\/airco-header.jpg\",\"contentUrl\":\"https:\\\/\\\/www.mydistrigo.be\\\/wp-content\\\/uploads\\\/2025\\\/04\\\/airco-header.jpg\",\"width\":900,\"height\":375},{\"@type\":\"BreadcrumbList\",\"@id\":\"https:\\\/\\\/www.mydistrigo.be\\\/nl\\\/nu-is-het-tijd-voor-de-airco\\\/#breadcrumb\",\"itemListElement\":[{\"@type\":\"ListItem\",\"position\":1,\"name\":\"Home\",\"item\":\"https:\\\/\\\/www.mydistrigo.be\\\/nl\\\/\"},{\"@type\":\"ListItem\",\"position\":2,\"name\":\"Nu is het tijd voor de airco\"}]},{\"@type\":\"WebSite\",\"@id\":\"https:\\\/\\\/www.mydistrigo.be\\\/nl\\\/#website\",\"url\":\"https:\\\/\\\/www.mydistrigo.be\\\/nl\\\/\",\"name\":\"MyDistrigo\",\"description\":\"DISTRIGO biedt u zoveel meer dan wisselstukken. We bieden u dagelijkse ondersteuning en oplossingen op maat om tegemoet te komen aan al uw behoeftes of ze zelfs voor te zijn. We willen van uw doelstellingen ONZE doelstellingen maken, en als ware teamgenoten samenwerken om samen vooruit te gaan in dezelfde richting.\",\"publisher\":{\"@id\":\"https:\\\/\\\/www.mydistrigo.be\\\/nl\\\/#organization\"},\"potentialAction\":[{\"@type\":\"SearchAction\",\"target\":{\"@type\":\"EntryPoint\",\"urlTemplate\":\"https:\\\/\\\/www.mydistrigo.be\\\/nl\\\/?s={search_term_string}\"},\"query-input\":{\"@type\":\"PropertyValueSpecification\",\"valueRequired\":true,\"valueName\":\"search_term_string\"}}],\"inLanguage\":\"nl-NL\"},{\"@type\":\"Organization\",\"@id\":\"https:\\\/\\\/www.mydistrigo.be\\\/nl\\\/#organization\",\"name\":\"PSA- Distrigo\",\"url\":\"https:\\\/\\\/www.mydistrigo.be\\\/nl\\\/\",\"logo\":{\"@type\":\"ImageObject\",\"inLanguage\":\"nl-NL\",\"@id\":\"https:\\\/\\\/www.mydistrigo.be\\\/nl\\\/#\\\/schema\\\/logo\\\/image\\\/\",\"url\":\"https:\\\/\\\/www.mydistrigo.be\\\/wp-content\\\/uploads\\\/2023\\\/06\\\/logo-noir.png\",\"contentUrl\":\"https:\\\/\\\/www.mydistrigo.be\\\/wp-content\\\/uploads\\\/2023\\\/06\\\/logo-noir.png\",\"width\":314,\"height\":90,\"caption\":\"PSA- Distrigo\"},\"image\":{\"@id\":\"https:\\\/\\\/www.mydistrigo.be\\\/nl\\\/#\\\/schema\\\/logo\\\/image\\\/\"},\"sameAs\":[\"https:\\\/\\\/www.linkedin.com\\\/company\\\/distrigo-belux\\\/about\\\/\"]},{\"@type\":\"Person\",\"@id\":\"https:\\\/\\\/www.mydistrigo.be\\\/nl\\\/#\\\/schema\\\/person\\\/b89d951a23c8ca75dca3377593bd7f61\",\"name\":\"EpamOlivier\",\"image\":{\"@type\":\"ImageObject\",\"inLanguage\":\"nl-NL\",\"@id\":\"https:\\\/\\\/secure.gravatar.com\\\/avatar\\\/ee94fe607c5577bbca6aaa10fcec520aa3994ee215e5acd39dc6f566c4f53c6b?s=96&d=mm&r=g\",\"url\":\"https:\\\/\\\/secure.gravatar.com\\\/avatar\\\/ee94fe607c5577bbca6aaa10fcec520aa3994ee215e5acd39dc6f566c4f53c6b?s=96&d=mm&r=g\",\"contentUrl\":\"https:\\\/\\\/secure.gravatar.com\\\/avatar\\\/ee94fe607c5577bbca6aaa10fcec520aa3994ee215e5acd39dc6f566c4f53c6b?s=96&d=mm&r=g\",\"caption\":\"EpamOlivier\"},\"url\":\"https:\\\/\\\/www.mydistrigo.be\\\/nl\\\/author\\\/epamolivier\\\/\"}]}<\/script>\n<!-- \/ Yoast SEO plugin. -->","yoast_head_json":{"title":"Notre actualit\u00e9 \u2013 Solutions professionnelles | DISTRIGO","description":"L\u2019arriv\u00e9e des temp\u00e9ratures plus \u00e9lev\u00e9es marque le grand retour de l\u2019air conditionn\u00e9 dans les habitudes de conduite.","robots":{"index":"index","follow":"follow","max-snippet":"max-snippet:-1","max-image-preview":"max-image-preview:large","max-video-preview":"max-video-preview:-1"},"canonical":"https:\/\/www.mydistrigo.be\/nl\/nu-is-het-tijd-voor-de-airco\/","og_locale":"nl_NL","og_type":"article","og_title":"Notre actualit\u00e9 \u2013 Solutions professionnelles | DISTRIGO","og_description":"L\u2019arriv\u00e9e des temp\u00e9ratures plus \u00e9lev\u00e9es marque le grand retour de l\u2019air conditionn\u00e9 dans les habitudes de conduite.","og_url":"https:\/\/www.mydistrigo.be\/nl\/nu-is-het-tijd-voor-de-airco\/","og_site_name":"MyDistrigo","article_published_time":"2025-04-28T13:13:08+00:00","article_modified_time":"2025-12-11T10:10:35+00:00","og_image":[{"width":900,"height":375,"url":"https:\/\/www.mydistrigo.be\/wp-content\/uploads\/2025\/04\/airco-header.jpg","type":"image\/jpeg"}],"author":"EpamOlivier","twitter_card":"summary_large_image","twitter_misc":{"Geschreven door":"EpamOlivier","Geschatte leestijd":"1 minuut"},"schema":{"@context":"https:\/\/schema.org","@graph":[{"@type":"Article","@id":"https:\/\/www.mydistrigo.be\/nl\/nu-is-het-tijd-voor-de-airco\/#article","isPartOf":{"@id":"https:\/\/www.mydistrigo.be\/nl\/nu-is-het-tijd-voor-de-airco\/"},"author":{"name":"EpamOlivier","@id":"https:\/\/www.mydistrigo.be\/nl\/#\/schema\/person\/b89d951a23c8ca75dca3377593bd7f61"},"headline":"Nu is het tijd voor de airco","datePublished":"2025-04-28T13:13:08+00:00","dateModified":"2025-12-11T10:10:35+00:00","mainEntityOfPage":{"@id":"https:\/\/www.mydistrigo.be\/nl\/nu-is-het-tijd-voor-de-airco\/"},"wordCount":127,"commentCount":0,"publisher":{"@id":"https:\/\/www.mydistrigo.be\/nl\/#organization"},"image":{"@id":"https:\/\/www.mydistrigo.be\/nl\/nu-is-het-tijd-voor-de-airco\/#primaryimage"},"thumbnailUrl":"https:\/\/www.mydistrigo.be\/wp-content\/uploads\/2025\/04\/airco-header.jpg","articleSection":["Filters"],"inLanguage":"nl-NL","potentialAction":[{"@type":"CommentAction","name":"Comment","target":["https:\/\/www.mydistrigo.be\/nl\/nu-is-het-tijd-voor-de-airco\/#respond"]}]},{"@type":"WebPage","@id":"https:\/\/www.mydistrigo.be\/nl\/nu-is-het-tijd-voor-de-airco\/","url":"https:\/\/www.mydistrigo.be\/nl\/nu-is-het-tijd-voor-de-airco\/","name":"Notre actualit\u00e9 \u2013 Solutions professionnelles | DISTRIGO","isPartOf":{"@id":"https:\/\/www.mydistrigo.be\/nl\/#website"},"primaryImageOfPage":{"@id":"https:\/\/www.mydistrigo.be\/nl\/nu-is-het-tijd-voor-de-airco\/#primaryimage"},"image":{"@id":"https:\/\/www.mydistrigo.be\/nl\/nu-is-het-tijd-voor-de-airco\/#primaryimage"},"thumbnailUrl":"https:\/\/www.mydistrigo.be\/wp-content\/uploads\/2025\/04\/airco-header.jpg","datePublished":"2025-04-28T13:13:08+00:00","dateModified":"2025-12-11T10:10:35+00:00","description":"L\u2019arriv\u00e9e des temp\u00e9ratures plus \u00e9lev\u00e9es marque le grand retour de l\u2019air conditionn\u00e9 dans les habitudes de conduite.","breadcrumb":{"@id":"https:\/\/www.mydistrigo.be\/nl\/nu-is-het-tijd-voor-de-airco\/#breadcrumb"},"inLanguage":"nl-NL","potentialAction":[{"@type":"ReadAction","target":["https:\/\/www.mydistrigo.be\/nl\/nu-is-het-tijd-voor-de-airco\/"]}]},{"@type":"ImageObject","inLanguage":"nl-NL","@id":"https:\/\/www.mydistrigo.be\/nl\/nu-is-het-tijd-voor-de-airco\/#primaryimage","url":"https:\/\/www.mydistrigo.be\/wp-content\/uploads\/2025\/04\/airco-header.jpg","contentUrl":"https:\/\/www.mydistrigo.be\/wp-content\/uploads\/2025\/04\/airco-header.jpg","width":900,"height":375},{"@type":"BreadcrumbList","@id":"https:\/\/www.mydistrigo.be\/nl\/nu-is-het-tijd-voor-de-airco\/#breadcrumb","itemListElement":[{"@type":"ListItem","position":1,"name":"Home","item":"https:\/\/www.mydistrigo.be\/nl\/"},{"@type":"ListItem","position":2,"name":"Nu is het tijd voor de airco"}]},{"@type":"WebSite","@id":"https:\/\/www.mydistrigo.be\/nl\/#website","url":"https:\/\/www.mydistrigo.be\/nl\/","name":"MyDistrigo","description":"DISTRIGO biedt u zoveel meer dan wisselstukken. We bieden u dagelijkse ondersteuning en oplossingen op maat om tegemoet te komen aan al uw behoeftes of ze zelfs voor te zijn. We willen van uw doelstellingen ONZE doelstellingen maken, en als ware teamgenoten samenwerken om samen vooruit te gaan in dezelfde richting.","publisher":{"@id":"https:\/\/www.mydistrigo.be\/nl\/#organization"},"potentialAction":[{"@type":"SearchAction","target":{"@type":"EntryPoint","urlTemplate":"https:\/\/www.mydistrigo.be\/nl\/?s={search_term_string}"},"query-input":{"@type":"PropertyValueSpecification","valueRequired":true,"valueName":"search_term_string"}}],"inLanguage":"nl-NL"},{"@type":"Organization","@id":"https:\/\/www.mydistrigo.be\/nl\/#organization","name":"PSA- Distrigo","url":"https:\/\/www.mydistrigo.be\/nl\/","logo":{"@type":"ImageObject","inLanguage":"nl-NL","@id":"https:\/\/www.mydistrigo.be\/nl\/#\/schema\/logo\/image\/","url":"https:\/\/www.mydistrigo.be\/wp-content\/uploads\/2023\/06\/logo-noir.png","contentUrl":"https:\/\/www.mydistrigo.be\/wp-content\/uploads\/2023\/06\/logo-noir.png","width":314,"height":90,"caption":"PSA- Distrigo"},"image":{"@id":"https:\/\/www.mydistrigo.be\/nl\/#\/schema\/logo\/image\/"},"sameAs":["https:\/\/www.linkedin.com\/company\/distrigo-belux\/about\/"]},{"@type":"Person","@id":"https:\/\/www.mydistrigo.be\/nl\/#\/schema\/person\/b89d951a23c8ca75dca3377593bd7f61","name":"EpamOlivier","image":{"@type":"ImageObject","inLanguage":"nl-NL","@id":"https:\/\/secure.gravatar.com\/avatar\/ee94fe607c5577bbca6aaa10fcec520aa3994ee215e5acd39dc6f566c4f53c6b?s=96&d=mm&r=g","url":"https:\/\/secure.gravatar.com\/avatar\/ee94fe607c5577bbca6aaa10fcec520aa3994ee215e5acd39dc6f566c4f53c6b?s=96&d=mm&r=g","contentUrl":"https:\/\/secure.gravatar.com\/avatar\/ee94fe607c5577bbca6aaa10fcec520aa3994ee215e5acd39dc6f566c4f53c6b?s=96&d=mm&r=g","caption":"EpamOlivier"},"url":"https:\/\/www.mydistrigo.be\/nl\/author\/epamolivier\/"}]}},"_links":{"self":[{"href":"https:\/\/www.mydistrigo.be\/nl\/wp-json\/wp\/v2\/posts\/1240","targetHints":{"allow":["GET"]}}],"collection":[{"href":"https:\/\/www.mydistrigo.be\/nl\/wp-json\/wp\/v2\/posts"}],"about":[{"href":"https:\/\/www.mydistrigo.be\/nl\/wp-json\/wp\/v2\/types\/post"}],"author":[{"embeddable":true,"href":"https:\/\/www.mydistrigo.be\/nl\/wp-json\/wp\/v2\/users\/2"}],"replies":[{"embeddable":true,"href":"https:\/\/www.mydistrigo.be\/nl\/wp-json\/wp\/v2\/comments?post=1240"}],"version-history":[{"count":6,"href":"https:\/\/www.mydistrigo.be\/nl\/wp-json\/wp\/v2\/posts\/1240\/revisions"}],"predecessor-version":[{"id":1315,"href":"https:\/\/www.mydistrigo.be\/nl\/wp-json\/wp\/v2\/posts\/1240\/revisions\/1315"}],"wp:featuredmedia":[{"embeddable":true,"href":"https:\/\/www.mydistrigo.be\/nl\/wp-json\/wp\/v2\/media\/1227"}],"wp:attachment":[{"href":"https:\/\/www.mydistrigo.be\/nl\/wp-json\/wp\/v2\/media?parent=1240"}],"wp:term":[{"taxonomy":"category","embeddable":true,"href":"https:\/\/www.mydistrigo.be\/nl\/wp-json\/wp\/v2\/categories?post=1240"},{"taxonomy":"post_tag","embeddable":true,"href":"https:\/\/www.mydistrigo.be\/nl\/wp-json\/wp\/v2\/tags?post=1240"}],"curies":[{"name":"wp","href":"https:\/\/api.w.org\/{rel}","templated":true}]}}