{"id":387,"date":"2024-02-21T13:19:33","date_gmt":"2024-02-21T13:19:33","guid":{"rendered":"https:\/\/www.mydistrigo.be\/?p=387"},"modified":"2024-02-21T14:01:01","modified_gmt":"2024-02-21T14:01:01","slug":"autotechnica-le-salon-des-professionnels-passionnes","status":"publish","type":"post","link":"https:\/\/www.mydistrigo.be\/fr\/autotechnica-le-salon-des-professionnels-passionnes\/","title":{"rendered":"AutoTechnica, le salon pour et par les professionnels passionn\u00e9s"},"content":{"rendered":"<p><strong>Du 24 au 26 mars 2024, AutoTechnica revient pour une nouvelle \u00e9dition \u00e0 Brussels Expo. DISTRIGO sera pr\u00e9sent lors de cet \u00e9v\u00e9nement incontournable des professionnels de l\u2019automobile du Benelux. Venez nous rendre visite !<\/strong><br \/>\n&nbsp; <\/p>\n<h3><strong>AutoTechnica, le rendez-vous des professionnels et des innovations<\/strong><\/h3>\n<p>AutoTechnica est LE rendez-vous bisannuel incontournable pour les professionnels de l\u2019industrie automobile. Cet \u00e9v\u00e9nement propose des d\u00e9monstrations en direct, des pr\u00e9sentations de nouveaux produits et des sessions \u00e9ducatives pour approfondir les connaissances des visiteurs. Le panel des exposants se veut aussi large que possible afin de regrouper tant les fournisseurs que les grandes marques. Plus qu\u2019un salon, AutoTechnica est une exp\u00e9rience captivante pour tous les acteurs de l\u2019industrie\u00a0automobile\u00a0!<\/p>\n<hr style=\"border-top-color: #aaaaaa;\">\n<h3><strong>Il est donc \u00e9vident que DISTRIGO soit pr\u00e9sent<\/strong><\/h3>\n<p>Avec un stand de plus de 400m<sup>2<\/sup>, DISTRIGO en partenariat avec EUROREPAR Car Service vous y attend\u00a0! L\u2019occasion de discuter avec l\u2019\u00e9quipe des nouveaux produits et services, d\u2019\u00e9changer sur les futurs enjeux et de renforcer nos relations professionnelles.<\/p>\n<p>Et bien s\u00fbr, pour tous nos visiteurs, nous avons pr\u00e9vu des promotions et des offres exclusives\u00a0! Alors, vous l\u2019avez not\u00e9 dans votre agenda\u00a0?<\/p>\n<hr style=\"border-top-color: #aaaaaa;\">\n<h3><strong>Infos pratiques<\/strong><\/h3>\n<p>Quoi\u00a0? Le salon AutoTechnica 2024<br \/>\nBrussels Expo (Parking C) \u2013 Notre Stand : Hall 7 Stand B12<br \/>\nQuand\u00a0? Le 24 mars de 9h \u00e0 18h, le 25 mars de 10h \u00e0 21h, le 26 mars de 10h \u00e0 21h<\/p>\n","protected":false},"excerpt":{"rendered":"Du 24 au 26 mars 2024, AutoTechnica revient pour une nouvelle \u00e9dition \u00e0 Brussels Expo. DISTRIGO sera pr\u00e9sent lors de cet \u00e9v\u00e9nement incontournable des professionnels de l\u2019automobile du Benelux. Venez nous rendre visite ! &nbsp; AutoTechnica, le rendez-vous des professionnels et des innovations AutoTechnica est LE rendez-vous bisannuel incontournable pour les professionnels de l\u2019industrie automobile. (&#8230;)","protected":false},"author":2,"featured_media":388,"comment_status":"open","ping_status":"open","sticky":false,"template":"","format":"standard","meta":{"_acf_changed":false,"footnotes":""},"categories":[1],"tags":[],"class_list":["post-387","post","type-post","status-publish","format-standard","has-post-thumbnail","hentry","category-non-classifiee"],"acf":[],"yoast_head":"<!-- This site is optimized with the Yoast SEO plugin v27.5 - https:\/\/yoast.com\/product\/yoast-seo-wordpress\/ -->\n<title>Notre actualit\u00e9 \u2013 Solutions professionnelles | DISTRIGO<\/title>\n<meta name=\"description\" content=\"Suivez les nouveaut\u00e9s, lancements produits et promotions de DISTRIGO pour les professionnels de l\u2019automobile \u2013 Solutions et pi\u00e8ces adapt\u00e9es aux professionnels.\" \/>\n<meta name=\"robots\" content=\"index, follow, max-snippet:-1, max-image-preview:large, max-video-preview:-1\" \/>\n<link rel=\"canonical\" href=\"https:\/\/www.mydistrigo.be\/fr\/autotechnica-le-salon-des-professionnels-passionnes\/\" \/>\n<meta property=\"og:locale\" content=\"fr_FR\" \/>\n<meta property=\"og:type\" content=\"article\" \/>\n<meta property=\"og:title\" content=\"Notre actualit\u00e9 \u2013 Solutions professionnelles | DISTRIGO\" \/>\n<meta property=\"og:description\" content=\"Suivez les nouveaut\u00e9s, lancements produits et promotions de DISTRIGO pour les professionnels de l\u2019automobile \u2013 Solutions et pi\u00e8ces adapt\u00e9es aux professionnels.\" \/>\n<meta property=\"og:url\" content=\"https:\/\/www.mydistrigo.be\/fr\/autotechnica-le-salon-des-professionnels-passionnes\/\" \/>\n<meta property=\"og:site_name\" content=\"MyDistrigo\" \/>\n<meta property=\"article:published_time\" content=\"2024-02-21T13:19:33+00:00\" \/>\n<meta property=\"article:modified_time\" content=\"2024-02-21T14:01:01+00:00\" \/>\n<meta property=\"og:image\" content=\"https:\/\/www.mydistrigo.be\/wp-content\/uploads\/2024\/02\/article.jpg\" \/>\n\t<meta property=\"og:image:width\" content=\"1366\" \/>\n\t<meta property=\"og:image:height\" content=\"620\" \/>\n\t<meta property=\"og:image:type\" content=\"image\/jpeg\" \/>\n<meta name=\"author\" content=\"EpamOlivier\" \/>\n<meta name=\"twitter:card\" content=\"summary_large_image\" \/>\n<meta name=\"twitter:label1\" content=\"\u00c9crit par\" \/>\n\t<meta name=\"twitter:data1\" content=\"EpamOlivier\" \/>\n\t<meta name=\"twitter:label2\" content=\"Dur\u00e9e de lecture estim\u00e9e\" \/>\n\t<meta name=\"twitter:data2\" content=\"2 minutes\" \/>\n<script type=\"application\/ld+json\" class=\"yoast-schema-graph\">{\"@context\":\"https:\\\/\\\/schema.org\",\"@graph\":[{\"@type\":\"Article\",\"@id\":\"https:\\\/\\\/www.mydistrigo.be\\\/fr\\\/autotechnica-le-salon-des-professionnels-passionnes\\\/#article\",\"isPartOf\":{\"@id\":\"https:\\\/\\\/www.mydistrigo.be\\\/fr\\\/autotechnica-le-salon-des-professionnels-passionnes\\\/\"},\"author\":{\"name\":\"EpamOlivier\",\"@id\":\"https:\\\/\\\/www.mydistrigo.be\\\/fr\\\/#\\\/schema\\\/person\\\/b89d951a23c8ca75dca3377593bd7f61\"},\"headline\":\"AutoTechnica, le salon pour et par les professionnels passionn\u00e9s\",\"datePublished\":\"2024-02-21T13:19:33+00:00\",\"dateModified\":\"2024-02-21T14:01:01+00:00\",\"mainEntityOfPage\":{\"@id\":\"https:\\\/\\\/www.mydistrigo.be\\\/fr\\\/autotechnica-le-salon-des-professionnels-passionnes\\\/\"},\"wordCount\":234,\"commentCount\":0,\"publisher\":{\"@id\":\"https:\\\/\\\/www.mydistrigo.be\\\/fr\\\/#organization\"},\"image\":{\"@id\":\"https:\\\/\\\/www.mydistrigo.be\\\/fr\\\/autotechnica-le-salon-des-professionnels-passionnes\\\/#primaryimage\"},\"thumbnailUrl\":\"https:\\\/\\\/www.mydistrigo.be\\\/wp-content\\\/uploads\\\/2024\\\/02\\\/article.jpg\",\"articleSection\":[\"Non classifi\u00e9(e)\"],\"inLanguage\":\"fr-FR\",\"potentialAction\":[{\"@type\":\"CommentAction\",\"name\":\"Comment\",\"target\":[\"https:\\\/\\\/www.mydistrigo.be\\\/fr\\\/autotechnica-le-salon-des-professionnels-passionnes\\\/#respond\"]}]},{\"@type\":\"WebPage\",\"@id\":\"https:\\\/\\\/www.mydistrigo.be\\\/fr\\\/autotechnica-le-salon-des-professionnels-passionnes\\\/\",\"url\":\"https:\\\/\\\/www.mydistrigo.be\\\/fr\\\/autotechnica-le-salon-des-professionnels-passionnes\\\/\",\"name\":\"Notre actualit\u00e9 \u2013 Solutions professionnelles | DISTRIGO\",\"isPartOf\":{\"@id\":\"https:\\\/\\\/www.mydistrigo.be\\\/fr\\\/#website\"},\"primaryImageOfPage\":{\"@id\":\"https:\\\/\\\/www.mydistrigo.be\\\/fr\\\/autotechnica-le-salon-des-professionnels-passionnes\\\/#primaryimage\"},\"image\":{\"@id\":\"https:\\\/\\\/www.mydistrigo.be\\\/fr\\\/autotechnica-le-salon-des-professionnels-passionnes\\\/#primaryimage\"},\"thumbnailUrl\":\"https:\\\/\\\/www.mydistrigo.be\\\/wp-content\\\/uploads\\\/2024\\\/02\\\/article.jpg\",\"datePublished\":\"2024-02-21T13:19:33+00:00\",\"dateModified\":\"2024-02-21T14:01:01+00:00\",\"description\":\"Suivez les nouveaut\u00e9s, lancements produits et promotions de DISTRIGO pour les professionnels de l\u2019automobile \u2013 Solutions et pi\u00e8ces adapt\u00e9es aux professionnels.\",\"breadcrumb\":{\"@id\":\"https:\\\/\\\/www.mydistrigo.be\\\/fr\\\/autotechnica-le-salon-des-professionnels-passionnes\\\/#breadcrumb\"},\"inLanguage\":\"fr-FR\",\"potentialAction\":[{\"@type\":\"ReadAction\",\"target\":[\"https:\\\/\\\/www.mydistrigo.be\\\/fr\\\/autotechnica-le-salon-des-professionnels-passionnes\\\/\"]}]},{\"@type\":\"ImageObject\",\"inLanguage\":\"fr-FR\",\"@id\":\"https:\\\/\\\/www.mydistrigo.be\\\/fr\\\/autotechnica-le-salon-des-professionnels-passionnes\\\/#primaryimage\",\"url\":\"https:\\\/\\\/www.mydistrigo.be\\\/wp-content\\\/uploads\\\/2024\\\/02\\\/article.jpg\",\"contentUrl\":\"https:\\\/\\\/www.mydistrigo.be\\\/wp-content\\\/uploads\\\/2024\\\/02\\\/article.jpg\",\"width\":1366,\"height\":620},{\"@type\":\"BreadcrumbList\",\"@id\":\"https:\\\/\\\/www.mydistrigo.be\\\/fr\\\/autotechnica-le-salon-des-professionnels-passionnes\\\/#breadcrumb\",\"itemListElement\":[{\"@type\":\"ListItem\",\"position\":1,\"name\":\"Home\",\"item\":\"https:\\\/\\\/www.mydistrigo.be\\\/fr\\\/\"},{\"@type\":\"ListItem\",\"position\":2,\"name\":\"AutoTechnica, le salon pour et par les professionnels passionn\u00e9s\"}]},{\"@type\":\"WebSite\",\"@id\":\"https:\\\/\\\/www.mydistrigo.be\\\/fr\\\/#website\",\"url\":\"https:\\\/\\\/www.mydistrigo.be\\\/fr\\\/\",\"name\":\"MyDistrigo\",\"description\":\"DISTRIGO vous offre bien plus que des pi\u00e8ces de rechange.  Nous vous proposons un soutien quotidien et des solutions sur mesure pour r\u00e9pondre \u00e0 tous vos besoins, voire les anticiper. Nous souhaitons faire de vos objectifs NOS objectifs, et travailler en v\u00e9ritables co\u00e9quipiers pour avancer ensemble, dans la m\u00eame direction\",\"publisher\":{\"@id\":\"https:\\\/\\\/www.mydistrigo.be\\\/fr\\\/#organization\"},\"potentialAction\":[{\"@type\":\"SearchAction\",\"target\":{\"@type\":\"EntryPoint\",\"urlTemplate\":\"https:\\\/\\\/www.mydistrigo.be\\\/fr\\\/?s={search_term_string}\"},\"query-input\":{\"@type\":\"PropertyValueSpecification\",\"valueRequired\":true,\"valueName\":\"search_term_string\"}}],\"inLanguage\":\"fr-FR\"},{\"@type\":\"Organization\",\"@id\":\"https:\\\/\\\/www.mydistrigo.be\\\/fr\\\/#organization\",\"name\":\"PSA- Distrigo\",\"url\":\"https:\\\/\\\/www.mydistrigo.be\\\/fr\\\/\",\"logo\":{\"@type\":\"ImageObject\",\"inLanguage\":\"fr-FR\",\"@id\":\"https:\\\/\\\/www.mydistrigo.be\\\/fr\\\/#\\\/schema\\\/logo\\\/image\\\/\",\"url\":\"https:\\\/\\\/www.mydistrigo.be\\\/wp-content\\\/uploads\\\/2023\\\/06\\\/logo-noir.png\",\"contentUrl\":\"https:\\\/\\\/www.mydistrigo.be\\\/wp-content\\\/uploads\\\/2023\\\/06\\\/logo-noir.png\",\"width\":314,\"height\":90,\"caption\":\"PSA- Distrigo\"},\"image\":{\"@id\":\"https:\\\/\\\/www.mydistrigo.be\\\/fr\\\/#\\\/schema\\\/logo\\\/image\\\/\"},\"sameAs\":[\"https:\\\/\\\/www.linkedin.com\\\/company\\\/distrigo-belux\\\/about\\\/\"]},{\"@type\":\"Person\",\"@id\":\"https:\\\/\\\/www.mydistrigo.be\\\/fr\\\/#\\\/schema\\\/person\\\/b89d951a23c8ca75dca3377593bd7f61\",\"name\":\"EpamOlivier\",\"image\":{\"@type\":\"ImageObject\",\"inLanguage\":\"fr-FR\",\"@id\":\"https:\\\/\\\/secure.gravatar.com\\\/avatar\\\/ee94fe607c5577bbca6aaa10fcec520aa3994ee215e5acd39dc6f566c4f53c6b?s=96&d=mm&r=g\",\"url\":\"https:\\\/\\\/secure.gravatar.com\\\/avatar\\\/ee94fe607c5577bbca6aaa10fcec520aa3994ee215e5acd39dc6f566c4f53c6b?s=96&d=mm&r=g\",\"contentUrl\":\"https:\\\/\\\/secure.gravatar.com\\\/avatar\\\/ee94fe607c5577bbca6aaa10fcec520aa3994ee215e5acd39dc6f566c4f53c6b?s=96&d=mm&r=g\",\"caption\":\"EpamOlivier\"},\"url\":\"https:\\\/\\\/www.mydistrigo.be\\\/fr\\\/author\\\/epamolivier\\\/\"}]}<\/script>\n<!-- \/ Yoast SEO plugin. -->","yoast_head_json":{"title":"Notre actualit\u00e9 \u2013 Solutions professionnelles | DISTRIGO","description":"Suivez les nouveaut\u00e9s, lancements produits et promotions de DISTRIGO pour les professionnels de l\u2019automobile \u2013 Solutions et pi\u00e8ces adapt\u00e9es aux professionnels.","robots":{"index":"index","follow":"follow","max-snippet":"max-snippet:-1","max-image-preview":"max-image-preview:large","max-video-preview":"max-video-preview:-1"},"canonical":"https:\/\/www.mydistrigo.be\/fr\/autotechnica-le-salon-des-professionnels-passionnes\/","og_locale":"fr_FR","og_type":"article","og_title":"Notre actualit\u00e9 \u2013 Solutions professionnelles | DISTRIGO","og_description":"Suivez les nouveaut\u00e9s, lancements produits et promotions de DISTRIGO pour les professionnels de l\u2019automobile \u2013 Solutions et pi\u00e8ces adapt\u00e9es aux professionnels.","og_url":"https:\/\/www.mydistrigo.be\/fr\/autotechnica-le-salon-des-professionnels-passionnes\/","og_site_name":"MyDistrigo","article_published_time":"2024-02-21T13:19:33+00:00","article_modified_time":"2024-02-21T14:01:01+00:00","og_image":[{"width":1366,"height":620,"url":"https:\/\/www.mydistrigo.be\/wp-content\/uploads\/2024\/02\/article.jpg","type":"image\/jpeg"}],"author":"EpamOlivier","twitter_card":"summary_large_image","twitter_misc":{"\u00c9crit par":"EpamOlivier","Dur\u00e9e de lecture estim\u00e9e":"2 minutes"},"schema":{"@context":"https:\/\/schema.org","@graph":[{"@type":"Article","@id":"https:\/\/www.mydistrigo.be\/fr\/autotechnica-le-salon-des-professionnels-passionnes\/#article","isPartOf":{"@id":"https:\/\/www.mydistrigo.be\/fr\/autotechnica-le-salon-des-professionnels-passionnes\/"},"author":{"name":"EpamOlivier","@id":"https:\/\/www.mydistrigo.be\/fr\/#\/schema\/person\/b89d951a23c8ca75dca3377593bd7f61"},"headline":"AutoTechnica, le salon pour et par les professionnels passionn\u00e9s","datePublished":"2024-02-21T13:19:33+00:00","dateModified":"2024-02-21T14:01:01+00:00","mainEntityOfPage":{"@id":"https:\/\/www.mydistrigo.be\/fr\/autotechnica-le-salon-des-professionnels-passionnes\/"},"wordCount":234,"commentCount":0,"publisher":{"@id":"https:\/\/www.mydistrigo.be\/fr\/#organization"},"image":{"@id":"https:\/\/www.mydistrigo.be\/fr\/autotechnica-le-salon-des-professionnels-passionnes\/#primaryimage"},"thumbnailUrl":"https:\/\/www.mydistrigo.be\/wp-content\/uploads\/2024\/02\/article.jpg","articleSection":["Non classifi\u00e9(e)"],"inLanguage":"fr-FR","potentialAction":[{"@type":"CommentAction","name":"Comment","target":["https:\/\/www.mydistrigo.be\/fr\/autotechnica-le-salon-des-professionnels-passionnes\/#respond"]}]},{"@type":"WebPage","@id":"https:\/\/www.mydistrigo.be\/fr\/autotechnica-le-salon-des-professionnels-passionnes\/","url":"https:\/\/www.mydistrigo.be\/fr\/autotechnica-le-salon-des-professionnels-passionnes\/","name":"Notre actualit\u00e9 \u2013 Solutions professionnelles | DISTRIGO","isPartOf":{"@id":"https:\/\/www.mydistrigo.be\/fr\/#website"},"primaryImageOfPage":{"@id":"https:\/\/www.mydistrigo.be\/fr\/autotechnica-le-salon-des-professionnels-passionnes\/#primaryimage"},"image":{"@id":"https:\/\/www.mydistrigo.be\/fr\/autotechnica-le-salon-des-professionnels-passionnes\/#primaryimage"},"thumbnailUrl":"https:\/\/www.mydistrigo.be\/wp-content\/uploads\/2024\/02\/article.jpg","datePublished":"2024-02-21T13:19:33+00:00","dateModified":"2024-02-21T14:01:01+00:00","description":"Suivez les nouveaut\u00e9s, lancements produits et promotions de DISTRIGO pour les professionnels de l\u2019automobile \u2013 Solutions et pi\u00e8ces adapt\u00e9es aux professionnels.","breadcrumb":{"@id":"https:\/\/www.mydistrigo.be\/fr\/autotechnica-le-salon-des-professionnels-passionnes\/#breadcrumb"},"inLanguage":"fr-FR","potentialAction":[{"@type":"ReadAction","target":["https:\/\/www.mydistrigo.be\/fr\/autotechnica-le-salon-des-professionnels-passionnes\/"]}]},{"@type":"ImageObject","inLanguage":"fr-FR","@id":"https:\/\/www.mydistrigo.be\/fr\/autotechnica-le-salon-des-professionnels-passionnes\/#primaryimage","url":"https:\/\/www.mydistrigo.be\/wp-content\/uploads\/2024\/02\/article.jpg","contentUrl":"https:\/\/www.mydistrigo.be\/wp-content\/uploads\/2024\/02\/article.jpg","width":1366,"height":620},{"@type":"BreadcrumbList","@id":"https:\/\/www.mydistrigo.be\/fr\/autotechnica-le-salon-des-professionnels-passionnes\/#breadcrumb","itemListElement":[{"@type":"ListItem","position":1,"name":"Home","item":"https:\/\/www.mydistrigo.be\/fr\/"},{"@type":"ListItem","position":2,"name":"AutoTechnica, le salon pour et par les professionnels passionn\u00e9s"}]},{"@type":"WebSite","@id":"https:\/\/www.mydistrigo.be\/fr\/#website","url":"https:\/\/www.mydistrigo.be\/fr\/","name":"MyDistrigo","description":"DISTRIGO vous offre bien plus que des pi\u00e8ces de rechange.  Nous vous proposons un soutien quotidien et des solutions sur mesure pour r\u00e9pondre \u00e0 tous vos besoins, voire les anticiper. Nous souhaitons faire de vos objectifs NOS objectifs, et travailler en v\u00e9ritables co\u00e9quipiers pour avancer ensemble, dans la m\u00eame direction","publisher":{"@id":"https:\/\/www.mydistrigo.be\/fr\/#organization"},"potentialAction":[{"@type":"SearchAction","target":{"@type":"EntryPoint","urlTemplate":"https:\/\/www.mydistrigo.be\/fr\/?s={search_term_string}"},"query-input":{"@type":"PropertyValueSpecification","valueRequired":true,"valueName":"search_term_string"}}],"inLanguage":"fr-FR"},{"@type":"Organization","@id":"https:\/\/www.mydistrigo.be\/fr\/#organization","name":"PSA- Distrigo","url":"https:\/\/www.mydistrigo.be\/fr\/","logo":{"@type":"ImageObject","inLanguage":"fr-FR","@id":"https:\/\/www.mydistrigo.be\/fr\/#\/schema\/logo\/image\/","url":"https:\/\/www.mydistrigo.be\/wp-content\/uploads\/2023\/06\/logo-noir.png","contentUrl":"https:\/\/www.mydistrigo.be\/wp-content\/uploads\/2023\/06\/logo-noir.png","width":314,"height":90,"caption":"PSA- Distrigo"},"image":{"@id":"https:\/\/www.mydistrigo.be\/fr\/#\/schema\/logo\/image\/"},"sameAs":["https:\/\/www.linkedin.com\/company\/distrigo-belux\/about\/"]},{"@type":"Person","@id":"https:\/\/www.mydistrigo.be\/fr\/#\/schema\/person\/b89d951a23c8ca75dca3377593bd7f61","name":"EpamOlivier","image":{"@type":"ImageObject","inLanguage":"fr-FR","@id":"https:\/\/secure.gravatar.com\/avatar\/ee94fe607c5577bbca6aaa10fcec520aa3994ee215e5acd39dc6f566c4f53c6b?s=96&d=mm&r=g","url":"https:\/\/secure.gravatar.com\/avatar\/ee94fe607c5577bbca6aaa10fcec520aa3994ee215e5acd39dc6f566c4f53c6b?s=96&d=mm&r=g","contentUrl":"https:\/\/secure.gravatar.com\/avatar\/ee94fe607c5577bbca6aaa10fcec520aa3994ee215e5acd39dc6f566c4f53c6b?s=96&d=mm&r=g","caption":"EpamOlivier"},"url":"https:\/\/www.mydistrigo.be\/fr\/author\/epamolivier\/"}]}},"_links":{"self":[{"href":"https:\/\/www.mydistrigo.be\/fr\/wp-json\/wp\/v2\/posts\/387","targetHints":{"allow":["GET"]}}],"collection":[{"href":"https:\/\/www.mydistrigo.be\/fr\/wp-json\/wp\/v2\/posts"}],"about":[{"href":"https:\/\/www.mydistrigo.be\/fr\/wp-json\/wp\/v2\/types\/post"}],"author":[{"embeddable":true,"href":"https:\/\/www.mydistrigo.be\/fr\/wp-json\/wp\/v2\/users\/2"}],"replies":[{"embeddable":true,"href":"https:\/\/www.mydistrigo.be\/fr\/wp-json\/wp\/v2\/comments?post=387"}],"version-history":[{"count":9,"href":"https:\/\/www.mydistrigo.be\/fr\/wp-json\/wp\/v2\/posts\/387\/revisions"}],"predecessor-version":[{"id":402,"href":"https:\/\/www.mydistrigo.be\/fr\/wp-json\/wp\/v2\/posts\/387\/revisions\/402"}],"wp:featuredmedia":[{"embeddable":true,"href":"https:\/\/www.mydistrigo.be\/fr\/wp-json\/wp\/v2\/media\/388"}],"wp:attachment":[{"href":"https:\/\/www.mydistrigo.be\/fr\/wp-json\/wp\/v2\/media?parent=387"}],"wp:term":[{"taxonomy":"category","embeddable":true,"href":"https:\/\/www.mydistrigo.be\/fr\/wp-json\/wp\/v2\/categories?post=387"},{"taxonomy":"post_tag","embeddable":true,"href":"https:\/\/www.mydistrigo.be\/fr\/wp-json\/wp\/v2\/tags?post=387"}],"curies":[{"name":"wp","href":"https:\/\/api.w.org\/{rel}","templated":true}]}}