{"id":288,"date":"2023-10-24T18:43:09","date_gmt":"2023-10-24T18:43:09","guid":{"rendered":"https:\/\/www.mydistrigo.be\/?p=288"},"modified":"2024-04-04T19:07:00","modified_gmt":"2024-04-04T19:07:00","slug":"vos-car-electronics-nouveau-partenaire-accessoires-de-distrigo","status":"publish","type":"post","link":"https:\/\/www.mydistrigo.be\/fr\/vos-car-electronics-nouveau-partenaire-accessoires-de-distrigo\/","title":{"rendered":"Vos Car Electronics, nouveau partenaire \u00ab accessoires \u00bb de DISTRIGO"},"content":{"rendered":"<p><em>La famille DISTRIGO s\u2019agrandit r\u00e9guli\u00e8rement en accueillant des nouveaux partenaires de premier plan pour offrir<strong> la meilleure qualit\u00e9 \u00e0 ses clients<\/strong>. Composants, technologies, services : chaque partenaire est une <strong>pi\u00e8ce essentielle de la logistique puissante de notre one-stop-shop.<\/strong> Aujourd\u2019hui, nous souhaitons la bienvenue \u00e0 <strong>Vos Car Electronics\u00a0!<\/strong><\/em><\/p>\n<p><iframe loading=\"lazy\" title=\"YouTube video player\" src=\"https:\/\/www.youtube.com\/embed\/4PHr1ltdim8?si=kESUPCYUIHQ\" width=\"100%\" height=\"500px\" frameborder=\"0\" allowfullscreen=\"allowfullscreen\"><\/iframe><\/p>\n<hr style=\"border-top-color: #aaaaaa;\" \/>\n<h3><u>Sp\u00e9cialiste des accessoires \u00e9lectriques et \u00e9lectroniques exclusifs<\/u><\/h3>\n<p><strong>Vos Car Electronics<\/strong> est sp\u00e9cialis\u00e9 depuis des ann\u00e9es dans la <strong>fourniture<\/strong> <strong>d\u2019accessoires automobiles \u00e0 la pointe de la technologie<\/strong>. Cam\u00e9ras de recul, hayons \u00e9lectriques, si\u00e8ges chauffants, syst\u00e8mes d&rsquo;alarme\u2026\u00a0L\u2019entreprise propose une large gamme de <strong>produits<\/strong> <strong>exclusifs que vous installez<\/strong> dans la voiture, camionnette ou camping-car de vos clients pour <strong>r\u00e9pondre pr\u00e9cis\u00e9ment \u00e0 leurs besoins.<\/strong><\/p>\n<p><img decoding=\"async\" style=\"width: 100%;\" src=\"https:\/\/www.mydistrigo.be\/wp-content\/uploads\/2023\/10\/vos-fr.jpg\" alt=\"\" \/><\/p>\n<hr style=\"border-top-color: #aaaaaa;\" \/>\n<h3><u>Un grossiste, fabricant et assistant \u00e0 votre service<\/u><\/h3>\n<p>Avec ce partenariat, DISTRIGO acc\u00e8de \u00e0 un stock important de pi\u00e8ces de marques renomm\u00e9es livrables le jour m\u00eame. Mais Vos Car Electronics r\u00e9alise aussi des syst\u00e8mes sp\u00e9cifiques en interne gr\u00e2ce \u00e0 un personnel technique hautement qualifi\u00e9.<\/p>\n<p>Les atouts de notre nouveau partenaire pour vous\u00a0:<\/p>\n<ul>\n<li>Des <strong>accessoires \u00e9lectriques et \u00e9lectroniques de haute qualit\u00e9<\/strong><\/li>\n<li>Un <strong>service professionnel rapide <\/strong><\/li>\n<li>Des <strong>instructions de montage<\/strong> claires<\/li>\n<li>Une <strong>aide \u00e0 l\u2019installation<\/strong> sur site si n\u00e9cessaire<\/li>\n<\/ul>\n<p>Ses atouts pour vos clients\u00a0:<\/p>\n<ul>\n<li>Un <strong>confort<\/strong> hautement personnalis\u00e9<\/li>\n<li>Une <strong>s\u00e9curit\u00e9<\/strong> renforc\u00e9e<\/li>\n<\/ul>\n","protected":false},"excerpt":{"rendered":"La famille DISTRIGO s\u2019agrandit r\u00e9guli\u00e8rement en accueillant des nouveaux partenaires de premier plan pour offrir la meilleure qualit\u00e9 \u00e0 ses clients. Composants, technologies, services : chaque partenaire est une pi\u00e8ce essentielle de la logistique puissante de notre one-stop-shop. Aujourd\u2019hui, nous souhaitons la bienvenue \u00e0 Vos Car Electronics\u00a0! Sp\u00e9cialiste des accessoires \u00e9lectriques et \u00e9lectroniques exclusifs Vos (&#8230;)","protected":false},"author":2,"featured_media":0,"comment_status":"open","ping_status":"open","sticky":false,"template":"","format":"standard","meta":{"_acf_changed":false,"footnotes":""},"categories":[1],"tags":[],"class_list":["post-288","post","type-post","status-publish","format-standard","hentry","category-non-classifiee"],"acf":[],"yoast_head":"<!-- This site is optimized with the Yoast SEO plugin v27.5 - https:\/\/yoast.com\/product\/yoast-seo-wordpress\/ -->\n<title>Notre actualit\u00e9 \u2013 Solutions professionnelles | DISTRIGO<\/title>\n<meta name=\"description\" content=\"Suivez les nouveaut\u00e9s, lancements produits et promotions de DISTRIGO pour les professionnels de l\u2019automobile \u2013 Solutions et pi\u00e8ces adapt\u00e9es aux professionnels.\" \/>\n<meta name=\"robots\" content=\"index, follow, max-snippet:-1, max-image-preview:large, max-video-preview:-1\" \/>\n<link rel=\"canonical\" href=\"https:\/\/www.mydistrigo.be\/fr\/vos-car-electronics-nouveau-partenaire-accessoires-de-distrigo\/\" \/>\n<meta property=\"og:locale\" content=\"fr_FR\" \/>\n<meta property=\"og:type\" content=\"article\" \/>\n<meta property=\"og:title\" content=\"Notre actualit\u00e9 \u2013 Solutions professionnelles | DISTRIGO\" \/>\n<meta property=\"og:description\" content=\"Suivez les nouveaut\u00e9s, lancements produits et promotions de DISTRIGO pour les professionnels de l\u2019automobile \u2013 Solutions et pi\u00e8ces adapt\u00e9es aux professionnels.\" \/>\n<meta property=\"og:url\" content=\"https:\/\/www.mydistrigo.be\/fr\/vos-car-electronics-nouveau-partenaire-accessoires-de-distrigo\/\" \/>\n<meta property=\"og:site_name\" content=\"MyDistrigo\" \/>\n<meta property=\"article:published_time\" content=\"2023-10-24T18:43:09+00:00\" \/>\n<meta property=\"article:modified_time\" content=\"2024-04-04T19:07:00+00:00\" \/>\n<meta property=\"og:image\" content=\"https:\/\/www.mydistrigo.be\/wp-content\/uploads\/2023\/10\/vos-fr.jpg\" \/>\n<meta name=\"author\" content=\"EpamOlivier\" \/>\n<meta name=\"twitter:card\" content=\"summary_large_image\" \/>\n<meta name=\"twitter:label1\" content=\"\u00c9crit par\" \/>\n\t<meta name=\"twitter:data1\" content=\"EpamOlivier\" \/>\n\t<meta name=\"twitter:label2\" content=\"Dur\u00e9e de lecture estim\u00e9e\" \/>\n\t<meta name=\"twitter:data2\" content=\"2 minutes\" \/>\n<script type=\"application\/ld+json\" class=\"yoast-schema-graph\">{\"@context\":\"https:\\\/\\\/schema.org\",\"@graph\":[{\"@type\":\"Article\",\"@id\":\"https:\\\/\\\/www.mydistrigo.be\\\/fr\\\/vos-car-electronics-nouveau-partenaire-accessoires-de-distrigo\\\/#article\",\"isPartOf\":{\"@id\":\"https:\\\/\\\/www.mydistrigo.be\\\/fr\\\/vos-car-electronics-nouveau-partenaire-accessoires-de-distrigo\\\/\"},\"author\":{\"name\":\"EpamOlivier\",\"@id\":\"https:\\\/\\\/www.mydistrigo.be\\\/fr\\\/#\\\/schema\\\/person\\\/b89d951a23c8ca75dca3377593bd7f61\"},\"headline\":\"Vos Car Electronics, nouveau partenaire \u00ab accessoires \u00bb de DISTRIGO\",\"datePublished\":\"2023-10-24T18:43:09+00:00\",\"dateModified\":\"2024-04-04T19:07:00+00:00\",\"mainEntityOfPage\":{\"@id\":\"https:\\\/\\\/www.mydistrigo.be\\\/fr\\\/vos-car-electronics-nouveau-partenaire-accessoires-de-distrigo\\\/\"},\"wordCount\":225,\"commentCount\":0,\"publisher\":{\"@id\":\"https:\\\/\\\/www.mydistrigo.be\\\/fr\\\/#organization\"},\"image\":{\"@id\":\"https:\\\/\\\/www.mydistrigo.be\\\/fr\\\/vos-car-electronics-nouveau-partenaire-accessoires-de-distrigo\\\/#primaryimage\"},\"thumbnailUrl\":\"https:\\\/\\\/www.mydistrigo.be\\\/wp-content\\\/uploads\\\/2023\\\/10\\\/vos-fr.jpg\",\"articleSection\":[\"Non classifi\u00e9(e)\"],\"inLanguage\":\"fr-FR\",\"potentialAction\":[{\"@type\":\"CommentAction\",\"name\":\"Comment\",\"target\":[\"https:\\\/\\\/www.mydistrigo.be\\\/fr\\\/vos-car-electronics-nouveau-partenaire-accessoires-de-distrigo\\\/#respond\"]}]},{\"@type\":\"WebPage\",\"@id\":\"https:\\\/\\\/www.mydistrigo.be\\\/fr\\\/vos-car-electronics-nouveau-partenaire-accessoires-de-distrigo\\\/\",\"url\":\"https:\\\/\\\/www.mydistrigo.be\\\/fr\\\/vos-car-electronics-nouveau-partenaire-accessoires-de-distrigo\\\/\",\"name\":\"Notre actualit\u00e9 \u2013 Solutions professionnelles | DISTRIGO\",\"isPartOf\":{\"@id\":\"https:\\\/\\\/www.mydistrigo.be\\\/fr\\\/#website\"},\"primaryImageOfPage\":{\"@id\":\"https:\\\/\\\/www.mydistrigo.be\\\/fr\\\/vos-car-electronics-nouveau-partenaire-accessoires-de-distrigo\\\/#primaryimage\"},\"image\":{\"@id\":\"https:\\\/\\\/www.mydistrigo.be\\\/fr\\\/vos-car-electronics-nouveau-partenaire-accessoires-de-distrigo\\\/#primaryimage\"},\"thumbnailUrl\":\"https:\\\/\\\/www.mydistrigo.be\\\/wp-content\\\/uploads\\\/2023\\\/10\\\/vos-fr.jpg\",\"datePublished\":\"2023-10-24T18:43:09+00:00\",\"dateModified\":\"2024-04-04T19:07:00+00:00\",\"description\":\"Suivez les nouveaut\u00e9s, lancements produits et promotions de DISTRIGO pour les professionnels de l\u2019automobile \u2013 Solutions et pi\u00e8ces adapt\u00e9es aux professionnels.\",\"breadcrumb\":{\"@id\":\"https:\\\/\\\/www.mydistrigo.be\\\/fr\\\/vos-car-electronics-nouveau-partenaire-accessoires-de-distrigo\\\/#breadcrumb\"},\"inLanguage\":\"fr-FR\",\"potentialAction\":[{\"@type\":\"ReadAction\",\"target\":[\"https:\\\/\\\/www.mydistrigo.be\\\/fr\\\/vos-car-electronics-nouveau-partenaire-accessoires-de-distrigo\\\/\"]}]},{\"@type\":\"ImageObject\",\"inLanguage\":\"fr-FR\",\"@id\":\"https:\\\/\\\/www.mydistrigo.be\\\/fr\\\/vos-car-electronics-nouveau-partenaire-accessoires-de-distrigo\\\/#primaryimage\",\"url\":\"https:\\\/\\\/www.mydistrigo.be\\\/wp-content\\\/uploads\\\/2023\\\/10\\\/vos-fr.jpg\",\"contentUrl\":\"https:\\\/\\\/www.mydistrigo.be\\\/wp-content\\\/uploads\\\/2023\\\/10\\\/vos-fr.jpg\"},{\"@type\":\"BreadcrumbList\",\"@id\":\"https:\\\/\\\/www.mydistrigo.be\\\/fr\\\/vos-car-electronics-nouveau-partenaire-accessoires-de-distrigo\\\/#breadcrumb\",\"itemListElement\":[{\"@type\":\"ListItem\",\"position\":1,\"name\":\"Home\",\"item\":\"https:\\\/\\\/www.mydistrigo.be\\\/fr\\\/\"},{\"@type\":\"ListItem\",\"position\":2,\"name\":\"Vos Car Electronics, nouveau partenaire \u00ab accessoires \u00bb de DISTRIGO\"}]},{\"@type\":\"WebSite\",\"@id\":\"https:\\\/\\\/www.mydistrigo.be\\\/fr\\\/#website\",\"url\":\"https:\\\/\\\/www.mydistrigo.be\\\/fr\\\/\",\"name\":\"MyDistrigo\",\"description\":\"DISTRIGO vous offre bien plus que des pi\u00e8ces de rechange.  Nous vous proposons un soutien quotidien et des solutions sur mesure pour r\u00e9pondre \u00e0 tous vos besoins, voire les anticiper. Nous souhaitons faire de vos objectifs NOS objectifs, et travailler en v\u00e9ritables co\u00e9quipiers pour avancer ensemble, dans la m\u00eame direction\",\"publisher\":{\"@id\":\"https:\\\/\\\/www.mydistrigo.be\\\/fr\\\/#organization\"},\"potentialAction\":[{\"@type\":\"SearchAction\",\"target\":{\"@type\":\"EntryPoint\",\"urlTemplate\":\"https:\\\/\\\/www.mydistrigo.be\\\/fr\\\/?s={search_term_string}\"},\"query-input\":{\"@type\":\"PropertyValueSpecification\",\"valueRequired\":true,\"valueName\":\"search_term_string\"}}],\"inLanguage\":\"fr-FR\"},{\"@type\":\"Organization\",\"@id\":\"https:\\\/\\\/www.mydistrigo.be\\\/fr\\\/#organization\",\"name\":\"PSA- Distrigo\",\"url\":\"https:\\\/\\\/www.mydistrigo.be\\\/fr\\\/\",\"logo\":{\"@type\":\"ImageObject\",\"inLanguage\":\"fr-FR\",\"@id\":\"https:\\\/\\\/www.mydistrigo.be\\\/fr\\\/#\\\/schema\\\/logo\\\/image\\\/\",\"url\":\"https:\\\/\\\/www.mydistrigo.be\\\/wp-content\\\/uploads\\\/2023\\\/06\\\/logo-noir.png\",\"contentUrl\":\"https:\\\/\\\/www.mydistrigo.be\\\/wp-content\\\/uploads\\\/2023\\\/06\\\/logo-noir.png\",\"width\":314,\"height\":90,\"caption\":\"PSA- Distrigo\"},\"image\":{\"@id\":\"https:\\\/\\\/www.mydistrigo.be\\\/fr\\\/#\\\/schema\\\/logo\\\/image\\\/\"},\"sameAs\":[\"https:\\\/\\\/www.linkedin.com\\\/company\\\/distrigo-belux\\\/about\\\/\"]},{\"@type\":\"Person\",\"@id\":\"https:\\\/\\\/www.mydistrigo.be\\\/fr\\\/#\\\/schema\\\/person\\\/b89d951a23c8ca75dca3377593bd7f61\",\"name\":\"EpamOlivier\",\"image\":{\"@type\":\"ImageObject\",\"inLanguage\":\"fr-FR\",\"@id\":\"https:\\\/\\\/secure.gravatar.com\\\/avatar\\\/ee94fe607c5577bbca6aaa10fcec520aa3994ee215e5acd39dc6f566c4f53c6b?s=96&d=mm&r=g\",\"url\":\"https:\\\/\\\/secure.gravatar.com\\\/avatar\\\/ee94fe607c5577bbca6aaa10fcec520aa3994ee215e5acd39dc6f566c4f53c6b?s=96&d=mm&r=g\",\"contentUrl\":\"https:\\\/\\\/secure.gravatar.com\\\/avatar\\\/ee94fe607c5577bbca6aaa10fcec520aa3994ee215e5acd39dc6f566c4f53c6b?s=96&d=mm&r=g\",\"caption\":\"EpamOlivier\"},\"url\":\"https:\\\/\\\/www.mydistrigo.be\\\/fr\\\/author\\\/epamolivier\\\/\"}]}<\/script>\n<!-- \/ Yoast SEO plugin. -->","yoast_head_json":{"title":"Notre actualit\u00e9 \u2013 Solutions professionnelles | DISTRIGO","description":"Suivez les nouveaut\u00e9s, lancements produits et promotions de DISTRIGO pour les professionnels de l\u2019automobile \u2013 Solutions et pi\u00e8ces adapt\u00e9es aux professionnels.","robots":{"index":"index","follow":"follow","max-snippet":"max-snippet:-1","max-image-preview":"max-image-preview:large","max-video-preview":"max-video-preview:-1"},"canonical":"https:\/\/www.mydistrigo.be\/fr\/vos-car-electronics-nouveau-partenaire-accessoires-de-distrigo\/","og_locale":"fr_FR","og_type":"article","og_title":"Notre actualit\u00e9 \u2013 Solutions professionnelles | DISTRIGO","og_description":"Suivez les nouveaut\u00e9s, lancements produits et promotions de DISTRIGO pour les professionnels de l\u2019automobile \u2013 Solutions et pi\u00e8ces adapt\u00e9es aux professionnels.","og_url":"https:\/\/www.mydistrigo.be\/fr\/vos-car-electronics-nouveau-partenaire-accessoires-de-distrigo\/","og_site_name":"MyDistrigo","article_published_time":"2023-10-24T18:43:09+00:00","article_modified_time":"2024-04-04T19:07:00+00:00","og_image":[{"url":"https:\/\/www.mydistrigo.be\/wp-content\/uploads\/2023\/10\/vos-fr.jpg","type":"","width":"","height":""}],"author":"EpamOlivier","twitter_card":"summary_large_image","twitter_misc":{"\u00c9crit par":"EpamOlivier","Dur\u00e9e de lecture estim\u00e9e":"2 minutes"},"schema":{"@context":"https:\/\/schema.org","@graph":[{"@type":"Article","@id":"https:\/\/www.mydistrigo.be\/fr\/vos-car-electronics-nouveau-partenaire-accessoires-de-distrigo\/#article","isPartOf":{"@id":"https:\/\/www.mydistrigo.be\/fr\/vos-car-electronics-nouveau-partenaire-accessoires-de-distrigo\/"},"author":{"name":"EpamOlivier","@id":"https:\/\/www.mydistrigo.be\/fr\/#\/schema\/person\/b89d951a23c8ca75dca3377593bd7f61"},"headline":"Vos Car Electronics, nouveau partenaire \u00ab accessoires \u00bb de DISTRIGO","datePublished":"2023-10-24T18:43:09+00:00","dateModified":"2024-04-04T19:07:00+00:00","mainEntityOfPage":{"@id":"https:\/\/www.mydistrigo.be\/fr\/vos-car-electronics-nouveau-partenaire-accessoires-de-distrigo\/"},"wordCount":225,"commentCount":0,"publisher":{"@id":"https:\/\/www.mydistrigo.be\/fr\/#organization"},"image":{"@id":"https:\/\/www.mydistrigo.be\/fr\/vos-car-electronics-nouveau-partenaire-accessoires-de-distrigo\/#primaryimage"},"thumbnailUrl":"https:\/\/www.mydistrigo.be\/wp-content\/uploads\/2023\/10\/vos-fr.jpg","articleSection":["Non classifi\u00e9(e)"],"inLanguage":"fr-FR","potentialAction":[{"@type":"CommentAction","name":"Comment","target":["https:\/\/www.mydistrigo.be\/fr\/vos-car-electronics-nouveau-partenaire-accessoires-de-distrigo\/#respond"]}]},{"@type":"WebPage","@id":"https:\/\/www.mydistrigo.be\/fr\/vos-car-electronics-nouveau-partenaire-accessoires-de-distrigo\/","url":"https:\/\/www.mydistrigo.be\/fr\/vos-car-electronics-nouveau-partenaire-accessoires-de-distrigo\/","name":"Notre actualit\u00e9 \u2013 Solutions professionnelles | DISTRIGO","isPartOf":{"@id":"https:\/\/www.mydistrigo.be\/fr\/#website"},"primaryImageOfPage":{"@id":"https:\/\/www.mydistrigo.be\/fr\/vos-car-electronics-nouveau-partenaire-accessoires-de-distrigo\/#primaryimage"},"image":{"@id":"https:\/\/www.mydistrigo.be\/fr\/vos-car-electronics-nouveau-partenaire-accessoires-de-distrigo\/#primaryimage"},"thumbnailUrl":"https:\/\/www.mydistrigo.be\/wp-content\/uploads\/2023\/10\/vos-fr.jpg","datePublished":"2023-10-24T18:43:09+00:00","dateModified":"2024-04-04T19:07:00+00:00","description":"Suivez les nouveaut\u00e9s, lancements produits et promotions de DISTRIGO pour les professionnels de l\u2019automobile \u2013 Solutions et pi\u00e8ces adapt\u00e9es aux professionnels.","breadcrumb":{"@id":"https:\/\/www.mydistrigo.be\/fr\/vos-car-electronics-nouveau-partenaire-accessoires-de-distrigo\/#breadcrumb"},"inLanguage":"fr-FR","potentialAction":[{"@type":"ReadAction","target":["https:\/\/www.mydistrigo.be\/fr\/vos-car-electronics-nouveau-partenaire-accessoires-de-distrigo\/"]}]},{"@type":"ImageObject","inLanguage":"fr-FR","@id":"https:\/\/www.mydistrigo.be\/fr\/vos-car-electronics-nouveau-partenaire-accessoires-de-distrigo\/#primaryimage","url":"https:\/\/www.mydistrigo.be\/wp-content\/uploads\/2023\/10\/vos-fr.jpg","contentUrl":"https:\/\/www.mydistrigo.be\/wp-content\/uploads\/2023\/10\/vos-fr.jpg"},{"@type":"BreadcrumbList","@id":"https:\/\/www.mydistrigo.be\/fr\/vos-car-electronics-nouveau-partenaire-accessoires-de-distrigo\/#breadcrumb","itemListElement":[{"@type":"ListItem","position":1,"name":"Home","item":"https:\/\/www.mydistrigo.be\/fr\/"},{"@type":"ListItem","position":2,"name":"Vos Car Electronics, nouveau partenaire \u00ab accessoires \u00bb de DISTRIGO"}]},{"@type":"WebSite","@id":"https:\/\/www.mydistrigo.be\/fr\/#website","url":"https:\/\/www.mydistrigo.be\/fr\/","name":"MyDistrigo","description":"DISTRIGO vous offre bien plus que des pi\u00e8ces de rechange.  Nous vous proposons un soutien quotidien et des solutions sur mesure pour r\u00e9pondre \u00e0 tous vos besoins, voire les anticiper. Nous souhaitons faire de vos objectifs NOS objectifs, et travailler en v\u00e9ritables co\u00e9quipiers pour avancer ensemble, dans la m\u00eame direction","publisher":{"@id":"https:\/\/www.mydistrigo.be\/fr\/#organization"},"potentialAction":[{"@type":"SearchAction","target":{"@type":"EntryPoint","urlTemplate":"https:\/\/www.mydistrigo.be\/fr\/?s={search_term_string}"},"query-input":{"@type":"PropertyValueSpecification","valueRequired":true,"valueName":"search_term_string"}}],"inLanguage":"fr-FR"},{"@type":"Organization","@id":"https:\/\/www.mydistrigo.be\/fr\/#organization","name":"PSA- Distrigo","url":"https:\/\/www.mydistrigo.be\/fr\/","logo":{"@type":"ImageObject","inLanguage":"fr-FR","@id":"https:\/\/www.mydistrigo.be\/fr\/#\/schema\/logo\/image\/","url":"https:\/\/www.mydistrigo.be\/wp-content\/uploads\/2023\/06\/logo-noir.png","contentUrl":"https:\/\/www.mydistrigo.be\/wp-content\/uploads\/2023\/06\/logo-noir.png","width":314,"height":90,"caption":"PSA- Distrigo"},"image":{"@id":"https:\/\/www.mydistrigo.be\/fr\/#\/schema\/logo\/image\/"},"sameAs":["https:\/\/www.linkedin.com\/company\/distrigo-belux\/about\/"]},{"@type":"Person","@id":"https:\/\/www.mydistrigo.be\/fr\/#\/schema\/person\/b89d951a23c8ca75dca3377593bd7f61","name":"EpamOlivier","image":{"@type":"ImageObject","inLanguage":"fr-FR","@id":"https:\/\/secure.gravatar.com\/avatar\/ee94fe607c5577bbca6aaa10fcec520aa3994ee215e5acd39dc6f566c4f53c6b?s=96&d=mm&r=g","url":"https:\/\/secure.gravatar.com\/avatar\/ee94fe607c5577bbca6aaa10fcec520aa3994ee215e5acd39dc6f566c4f53c6b?s=96&d=mm&r=g","contentUrl":"https:\/\/secure.gravatar.com\/avatar\/ee94fe607c5577bbca6aaa10fcec520aa3994ee215e5acd39dc6f566c4f53c6b?s=96&d=mm&r=g","caption":"EpamOlivier"},"url":"https:\/\/www.mydistrigo.be\/fr\/author\/epamolivier\/"}]}},"_links":{"self":[{"href":"https:\/\/www.mydistrigo.be\/fr\/wp-json\/wp\/v2\/posts\/288","targetHints":{"allow":["GET"]}}],"collection":[{"href":"https:\/\/www.mydistrigo.be\/fr\/wp-json\/wp\/v2\/posts"}],"about":[{"href":"https:\/\/www.mydistrigo.be\/fr\/wp-json\/wp\/v2\/types\/post"}],"author":[{"embeddable":true,"href":"https:\/\/www.mydistrigo.be\/fr\/wp-json\/wp\/v2\/users\/2"}],"replies":[{"embeddable":true,"href":"https:\/\/www.mydistrigo.be\/fr\/wp-json\/wp\/v2\/comments?post=288"}],"version-history":[{"count":10,"href":"https:\/\/www.mydistrigo.be\/fr\/wp-json\/wp\/v2\/posts\/288\/revisions"}],"predecessor-version":[{"id":452,"href":"https:\/\/www.mydistrigo.be\/fr\/wp-json\/wp\/v2\/posts\/288\/revisions\/452"}],"wp:attachment":[{"href":"https:\/\/www.mydistrigo.be\/fr\/wp-json\/wp\/v2\/media?parent=288"}],"wp:term":[{"taxonomy":"category","embeddable":true,"href":"https:\/\/www.mydistrigo.be\/fr\/wp-json\/wp\/v2\/categories?post=288"},{"taxonomy":"post_tag","embeddable":true,"href":"https:\/\/www.mydistrigo.be\/fr\/wp-json\/wp\/v2\/tags?post=288"}],"curies":[{"name":"wp","href":"https:\/\/api.w.org\/{rel}","templated":true}]}}