{"id":278,"date":"2023-10-24T18:30:32","date_gmt":"2023-10-24T18:30:32","guid":{"rendered":"https:\/\/www.mydistrigo.be\/?p=278"},"modified":"2025-12-11T10:22:36","modified_gmt":"2025-12-11T10:22:36","slug":"nouveau-chez-distrigo-deux-batteries-eurorepar-pour-camping-cars","status":"publish","type":"post","link":"https:\/\/www.mydistrigo.be\/fr\/nouveau-chez-distrigo-deux-batteries-eurorepar-pour-camping-cars\/","title":{"rendered":"Nouveau chez DISTRIGO : deux batteries EUROREPAR pour camping-cars"},"content":{"rendered":"<p><em>Pour r\u00e9pondre aux besoins les plus pointus des r\u00e9parateurs, DISTRIGO dynamise sans arr\u00eat son <strong>offre multimarques<\/strong> avec de <strong>nouvelles r\u00e9f\u00e9rences<\/strong>. En tant que <strong>one-stop-shop,<\/strong> notre mission est d\u2019offrir le bon produit, au bon moment et au juste prix pour tous les v\u00e9hicules\u2026 dont les camping-cars\u00a0et caravanes !<\/em><\/p>\n<hr style=\"border-top-color: #aaaaaa;\" \/>\n<h3><u>Nouvelles batteries EUROREPAR GEL et AGM pour camping-cars<\/u><\/h3>\n<p>D\u00e9marrage, chauffage ou refroidissement, conservation des aliments\u2026 L\u2019alimentation \u00e9lectrique d\u2019un camping-car ou d\u2019une caravane est souvent mise \u00e0 rude \u00e9preuve. Pour garantir \u00e0 vos clients <strong>un maximum de<\/strong> <strong>s\u00e9curit\u00e9 et de confort en chemin et \u00e0 destination<\/strong>, <strong>deux nouvelles batteries<\/strong> <strong>EUROREPAR<\/strong> ont r\u00e9cemment rejoint notre catalogue\u00a0:<\/p>\n<ul>\n<li><strong>GEL<br \/>\n<\/strong>Pour les camping-cars les mieux \u00e9quip\u00e9s, technologie exclusive Gel (\u00e9lectrolyte fix\u00e9 dans un gel) avec ventilation VRLA (valve r\u00e9gul\u00e9e), performance <strong>900Wh<\/strong><\/li>\n<li><strong>Double AGM<br \/>\n<\/strong>Pour les configurations les plus populaires, technologie AGM (absorbed glass mat ou orbital) avec ventilation VRLA (valve r\u00e9gul\u00e9e), performance <strong>600Wh<\/strong><\/li>\n<\/ul>\n<hr style=\"border-top-color: #aaaaaa;\" \/>\n<p><iframe loading=\"lazy\" width=\"100%\" height=\"500px\" src=\"https:\/\/www.youtube.com\/embed\/B-BXc60svrU?si=wrbxyKyIM2ZgAKI2\" title=\"YouTube video player\" frameborder=\"0\" allow=\"accelerometer; autoplay; clipboard-write; encrypted-media; gyroscope; picture-in-picture; web-share\" allowfullscreen><\/iframe><\/p>\n<hr style=\"border-top-color: #aaaaaa;\" \/>\n<h3><u>L\u2019\u00e9nergie pour aller au bout de ses r\u00eaves<\/u><\/h3>\n<p>Principalement destin\u00e9es aux <strong>Fiat Ducato, Citro\u00ebn Jumper et Peugeot Boxer<\/strong>, ces batteries <strong>produites en Europe<\/strong> <strong>s\u2019installent tr\u00e8s facilement<\/strong> et sont\u00a0:<\/p>\n<ul>\n<li>extr\u00eamement <strong>durables<\/strong><\/li>\n<li><strong>sans entretien<\/strong><\/li>\n<li><strong>r\u00e9sistantes \u00e0 la corrosion, aux vibrations et inclinaisons\n<p><\/strong><\/li>\n<\/ul>\n<p>Aidez vos clients \u00e0 r\u00e9aliser leurs r\u00eaves : pensez \u00e0 tester d\u2019embl\u00e9e la batterie de leurs camping-cars \u00e0 chaque r\u00e9vision ou passage en atelier. Besoin de la remplacer ? Votre partenaire DISTRIGO dispose d\u2019un large stock et assure deux livraisons par jour dans toute la Belgique\u00a0!<\/p>\n","protected":false},"excerpt":{"rendered":"Pour r\u00e9pondre aux besoins les plus pointus des r\u00e9parateurs, DISTRIGO dynamise sans arr\u00eat son offre multimarques avec de nouvelles r\u00e9f\u00e9rences. En tant que one-stop-shop, notre mission est d\u2019offrir le bon produit, au bon moment et au juste prix pour tous les v\u00e9hicules\u2026 dont les camping-cars\u00a0et caravanes ! Nouvelles batteries EUROREPAR GEL et AGM pour camping-cars (&#8230;)","protected":false},"author":2,"featured_media":286,"comment_status":"open","ping_status":"open","sticky":false,"template":"","format":"standard","meta":{"_acf_changed":false,"footnotes":""},"categories":[75],"tags":[],"class_list":["post-278","post","type-post","status-publish","format-standard","has-post-thumbnail","hentry","category-batteries"],"acf":[],"yoast_head":"<!-- This site is optimized with the Yoast SEO plugin v27.5 - https:\/\/yoast.com\/product\/yoast-seo-wordpress\/ -->\n<title>Notre actualit\u00e9 \u2013 Solutions professionnelles | DISTRIGO<\/title>\n<meta name=\"description\" content=\"Pour r\u00e9pondre aux besoins les plus pointus des r\u00e9parateurs, DISTRIGO dynamise sans arr\u00eat son offre multimarques avec de nouvelles r\u00e9f\u00e9rences. En tant que one-stop-shop, notre mission est d\u2019offrir le bon produit, au bon moment et au juste prix pour tous les v\u00e9hicules\u2026 dont les camping-cars\u00a0et caravanes !\" \/>\n<meta name=\"robots\" content=\"index, follow, max-snippet:-1, max-image-preview:large, max-video-preview:-1\" \/>\n<link rel=\"canonical\" href=\"https:\/\/www.mydistrigo.be\/fr\/nouveau-chez-distrigo-deux-batteries-eurorepar-pour-camping-cars\/\" \/>\n<meta property=\"og:locale\" content=\"fr_FR\" \/>\n<meta property=\"og:type\" content=\"article\" \/>\n<meta property=\"og:title\" content=\"Notre actualit\u00e9 \u2013 Solutions professionnelles | DISTRIGO\" \/>\n<meta property=\"og:description\" content=\"Pour r\u00e9pondre aux besoins les plus pointus des r\u00e9parateurs, DISTRIGO dynamise sans arr\u00eat son offre multimarques avec de nouvelles r\u00e9f\u00e9rences. En tant que one-stop-shop, notre mission est d\u2019offrir le bon produit, au bon moment et au juste prix pour tous les v\u00e9hicules\u2026 dont les camping-cars\u00a0et caravanes !\" \/>\n<meta property=\"og:url\" content=\"https:\/\/www.mydistrigo.be\/fr\/nouveau-chez-distrigo-deux-batteries-eurorepar-pour-camping-cars\/\" \/>\n<meta property=\"og:site_name\" content=\"MyDistrigo\" \/>\n<meta property=\"article:published_time\" content=\"2023-10-24T18:30:32+00:00\" \/>\n<meta property=\"article:modified_time\" content=\"2025-12-11T10:22:36+00:00\" \/>\n<meta property=\"og:image\" content=\"https:\/\/www.mydistrigo.be\/wp-content\/uploads\/2023\/10\/test.jpg\" \/>\n\t<meta property=\"og:image:width\" content=\"1366\" \/>\n\t<meta property=\"og:image:height\" content=\"620\" \/>\n\t<meta property=\"og:image:type\" content=\"image\/jpeg\" \/>\n<meta name=\"author\" content=\"EpamOlivier\" \/>\n<meta name=\"twitter:card\" content=\"summary_large_image\" \/>\n<meta name=\"twitter:label1\" content=\"\u00c9crit par\" \/>\n\t<meta name=\"twitter:data1\" content=\"EpamOlivier\" \/>\n\t<meta name=\"twitter:label2\" content=\"Dur\u00e9e de lecture estim\u00e9e\" \/>\n\t<meta name=\"twitter:data2\" content=\"2 minutes\" \/>\n<script type=\"application\/ld+json\" class=\"yoast-schema-graph\">{\"@context\":\"https:\\\/\\\/schema.org\",\"@graph\":[{\"@type\":\"Article\",\"@id\":\"https:\\\/\\\/www.mydistrigo.be\\\/fr\\\/nouveau-chez-distrigo-deux-batteries-eurorepar-pour-camping-cars\\\/#article\",\"isPartOf\":{\"@id\":\"https:\\\/\\\/www.mydistrigo.be\\\/fr\\\/nouveau-chez-distrigo-deux-batteries-eurorepar-pour-camping-cars\\\/\"},\"author\":{\"name\":\"EpamOlivier\",\"@id\":\"https:\\\/\\\/www.mydistrigo.be\\\/fr\\\/#\\\/schema\\\/person\\\/b89d951a23c8ca75dca3377593bd7f61\"},\"headline\":\"Nouveau chez DISTRIGO : deux batteries EUROREPAR pour camping-cars\",\"datePublished\":\"2023-10-24T18:30:32+00:00\",\"dateModified\":\"2025-12-11T10:22:36+00:00\",\"mainEntityOfPage\":{\"@id\":\"https:\\\/\\\/www.mydistrigo.be\\\/fr\\\/nouveau-chez-distrigo-deux-batteries-eurorepar-pour-camping-cars\\\/\"},\"wordCount\":262,\"commentCount\":0,\"publisher\":{\"@id\":\"https:\\\/\\\/www.mydistrigo.be\\\/fr\\\/#organization\"},\"image\":{\"@id\":\"https:\\\/\\\/www.mydistrigo.be\\\/fr\\\/nouveau-chez-distrigo-deux-batteries-eurorepar-pour-camping-cars\\\/#primaryimage\"},\"thumbnailUrl\":\"https:\\\/\\\/www.mydistrigo.be\\\/wp-content\\\/uploads\\\/2023\\\/10\\\/test.jpg\",\"articleSection\":[\"Batteries\"],\"inLanguage\":\"fr-FR\",\"potentialAction\":[{\"@type\":\"CommentAction\",\"name\":\"Comment\",\"target\":[\"https:\\\/\\\/www.mydistrigo.be\\\/fr\\\/nouveau-chez-distrigo-deux-batteries-eurorepar-pour-camping-cars\\\/#respond\"]}]},{\"@type\":\"WebPage\",\"@id\":\"https:\\\/\\\/www.mydistrigo.be\\\/fr\\\/nouveau-chez-distrigo-deux-batteries-eurorepar-pour-camping-cars\\\/\",\"url\":\"https:\\\/\\\/www.mydistrigo.be\\\/fr\\\/nouveau-chez-distrigo-deux-batteries-eurorepar-pour-camping-cars\\\/\",\"name\":\"Notre actualit\u00e9 \u2013 Solutions professionnelles | DISTRIGO\",\"isPartOf\":{\"@id\":\"https:\\\/\\\/www.mydistrigo.be\\\/fr\\\/#website\"},\"primaryImageOfPage\":{\"@id\":\"https:\\\/\\\/www.mydistrigo.be\\\/fr\\\/nouveau-chez-distrigo-deux-batteries-eurorepar-pour-camping-cars\\\/#primaryimage\"},\"image\":{\"@id\":\"https:\\\/\\\/www.mydistrigo.be\\\/fr\\\/nouveau-chez-distrigo-deux-batteries-eurorepar-pour-camping-cars\\\/#primaryimage\"},\"thumbnailUrl\":\"https:\\\/\\\/www.mydistrigo.be\\\/wp-content\\\/uploads\\\/2023\\\/10\\\/test.jpg\",\"datePublished\":\"2023-10-24T18:30:32+00:00\",\"dateModified\":\"2025-12-11T10:22:36+00:00\",\"description\":\"Pour r\u00e9pondre aux besoins les plus pointus des r\u00e9parateurs, DISTRIGO dynamise sans arr\u00eat son offre multimarques avec de nouvelles r\u00e9f\u00e9rences. En tant que one-stop-shop, notre mission est d\u2019offrir le bon produit, au bon moment et au juste prix pour tous les v\u00e9hicules\u2026 dont les camping-cars\u00a0et caravanes !\",\"breadcrumb\":{\"@id\":\"https:\\\/\\\/www.mydistrigo.be\\\/fr\\\/nouveau-chez-distrigo-deux-batteries-eurorepar-pour-camping-cars\\\/#breadcrumb\"},\"inLanguage\":\"fr-FR\",\"potentialAction\":[{\"@type\":\"ReadAction\",\"target\":[\"https:\\\/\\\/www.mydistrigo.be\\\/fr\\\/nouveau-chez-distrigo-deux-batteries-eurorepar-pour-camping-cars\\\/\"]}]},{\"@type\":\"ImageObject\",\"inLanguage\":\"fr-FR\",\"@id\":\"https:\\\/\\\/www.mydistrigo.be\\\/fr\\\/nouveau-chez-distrigo-deux-batteries-eurorepar-pour-camping-cars\\\/#primaryimage\",\"url\":\"https:\\\/\\\/www.mydistrigo.be\\\/wp-content\\\/uploads\\\/2023\\\/10\\\/test.jpg\",\"contentUrl\":\"https:\\\/\\\/www.mydistrigo.be\\\/wp-content\\\/uploads\\\/2023\\\/10\\\/test.jpg\",\"width\":1366,\"height\":620},{\"@type\":\"BreadcrumbList\",\"@id\":\"https:\\\/\\\/www.mydistrigo.be\\\/fr\\\/nouveau-chez-distrigo-deux-batteries-eurorepar-pour-camping-cars\\\/#breadcrumb\",\"itemListElement\":[{\"@type\":\"ListItem\",\"position\":1,\"name\":\"Home\",\"item\":\"https:\\\/\\\/www.mydistrigo.be\\\/fr\\\/\"},{\"@type\":\"ListItem\",\"position\":2,\"name\":\"Nouveau chez DISTRIGO : deux batteries EUROREPAR pour camping-cars\"}]},{\"@type\":\"WebSite\",\"@id\":\"https:\\\/\\\/www.mydistrigo.be\\\/fr\\\/#website\",\"url\":\"https:\\\/\\\/www.mydistrigo.be\\\/fr\\\/\",\"name\":\"MyDistrigo\",\"description\":\"DISTRIGO vous offre bien plus que des pi\u00e8ces de rechange.  Nous vous proposons un soutien quotidien et des solutions sur mesure pour r\u00e9pondre \u00e0 tous vos besoins, voire les anticiper. Nous souhaitons faire de vos objectifs NOS objectifs, et travailler en v\u00e9ritables co\u00e9quipiers pour avancer ensemble, dans la m\u00eame direction\",\"publisher\":{\"@id\":\"https:\\\/\\\/www.mydistrigo.be\\\/fr\\\/#organization\"},\"potentialAction\":[{\"@type\":\"SearchAction\",\"target\":{\"@type\":\"EntryPoint\",\"urlTemplate\":\"https:\\\/\\\/www.mydistrigo.be\\\/fr\\\/?s={search_term_string}\"},\"query-input\":{\"@type\":\"PropertyValueSpecification\",\"valueRequired\":true,\"valueName\":\"search_term_string\"}}],\"inLanguage\":\"fr-FR\"},{\"@type\":\"Organization\",\"@id\":\"https:\\\/\\\/www.mydistrigo.be\\\/fr\\\/#organization\",\"name\":\"PSA- Distrigo\",\"url\":\"https:\\\/\\\/www.mydistrigo.be\\\/fr\\\/\",\"logo\":{\"@type\":\"ImageObject\",\"inLanguage\":\"fr-FR\",\"@id\":\"https:\\\/\\\/www.mydistrigo.be\\\/fr\\\/#\\\/schema\\\/logo\\\/image\\\/\",\"url\":\"https:\\\/\\\/www.mydistrigo.be\\\/wp-content\\\/uploads\\\/2023\\\/06\\\/logo-noir.png\",\"contentUrl\":\"https:\\\/\\\/www.mydistrigo.be\\\/wp-content\\\/uploads\\\/2023\\\/06\\\/logo-noir.png\",\"width\":314,\"height\":90,\"caption\":\"PSA- Distrigo\"},\"image\":{\"@id\":\"https:\\\/\\\/www.mydistrigo.be\\\/fr\\\/#\\\/schema\\\/logo\\\/image\\\/\"},\"sameAs\":[\"https:\\\/\\\/www.linkedin.com\\\/company\\\/distrigo-belux\\\/about\\\/\"]},{\"@type\":\"Person\",\"@id\":\"https:\\\/\\\/www.mydistrigo.be\\\/fr\\\/#\\\/schema\\\/person\\\/b89d951a23c8ca75dca3377593bd7f61\",\"name\":\"EpamOlivier\",\"image\":{\"@type\":\"ImageObject\",\"inLanguage\":\"fr-FR\",\"@id\":\"https:\\\/\\\/secure.gravatar.com\\\/avatar\\\/ee94fe607c5577bbca6aaa10fcec520aa3994ee215e5acd39dc6f566c4f53c6b?s=96&d=mm&r=g\",\"url\":\"https:\\\/\\\/secure.gravatar.com\\\/avatar\\\/ee94fe607c5577bbca6aaa10fcec520aa3994ee215e5acd39dc6f566c4f53c6b?s=96&d=mm&r=g\",\"contentUrl\":\"https:\\\/\\\/secure.gravatar.com\\\/avatar\\\/ee94fe607c5577bbca6aaa10fcec520aa3994ee215e5acd39dc6f566c4f53c6b?s=96&d=mm&r=g\",\"caption\":\"EpamOlivier\"},\"url\":\"https:\\\/\\\/www.mydistrigo.be\\\/fr\\\/author\\\/epamolivier\\\/\"}]}<\/script>\n<!-- \/ Yoast SEO plugin. -->","yoast_head_json":{"title":"Notre actualit\u00e9 \u2013 Solutions professionnelles | DISTRIGO","description":"Pour r\u00e9pondre aux besoins les plus pointus des r\u00e9parateurs, DISTRIGO dynamise sans arr\u00eat son offre multimarques avec de nouvelles r\u00e9f\u00e9rences. En tant que one-stop-shop, notre mission est d\u2019offrir le bon produit, au bon moment et au juste prix pour tous les v\u00e9hicules\u2026 dont les camping-cars\u00a0et caravanes !","robots":{"index":"index","follow":"follow","max-snippet":"max-snippet:-1","max-image-preview":"max-image-preview:large","max-video-preview":"max-video-preview:-1"},"canonical":"https:\/\/www.mydistrigo.be\/fr\/nouveau-chez-distrigo-deux-batteries-eurorepar-pour-camping-cars\/","og_locale":"fr_FR","og_type":"article","og_title":"Notre actualit\u00e9 \u2013 Solutions professionnelles | DISTRIGO","og_description":"Pour r\u00e9pondre aux besoins les plus pointus des r\u00e9parateurs, DISTRIGO dynamise sans arr\u00eat son offre multimarques avec de nouvelles r\u00e9f\u00e9rences. En tant que one-stop-shop, notre mission est d\u2019offrir le bon produit, au bon moment et au juste prix pour tous les v\u00e9hicules\u2026 dont les camping-cars\u00a0et caravanes !","og_url":"https:\/\/www.mydistrigo.be\/fr\/nouveau-chez-distrigo-deux-batteries-eurorepar-pour-camping-cars\/","og_site_name":"MyDistrigo","article_published_time":"2023-10-24T18:30:32+00:00","article_modified_time":"2025-12-11T10:22:36+00:00","og_image":[{"width":1366,"height":620,"url":"https:\/\/www.mydistrigo.be\/wp-content\/uploads\/2023\/10\/test.jpg","type":"image\/jpeg"}],"author":"EpamOlivier","twitter_card":"summary_large_image","twitter_misc":{"\u00c9crit par":"EpamOlivier","Dur\u00e9e de lecture estim\u00e9e":"2 minutes"},"schema":{"@context":"https:\/\/schema.org","@graph":[{"@type":"Article","@id":"https:\/\/www.mydistrigo.be\/fr\/nouveau-chez-distrigo-deux-batteries-eurorepar-pour-camping-cars\/#article","isPartOf":{"@id":"https:\/\/www.mydistrigo.be\/fr\/nouveau-chez-distrigo-deux-batteries-eurorepar-pour-camping-cars\/"},"author":{"name":"EpamOlivier","@id":"https:\/\/www.mydistrigo.be\/fr\/#\/schema\/person\/b89d951a23c8ca75dca3377593bd7f61"},"headline":"Nouveau chez DISTRIGO : deux batteries EUROREPAR pour camping-cars","datePublished":"2023-10-24T18:30:32+00:00","dateModified":"2025-12-11T10:22:36+00:00","mainEntityOfPage":{"@id":"https:\/\/www.mydistrigo.be\/fr\/nouveau-chez-distrigo-deux-batteries-eurorepar-pour-camping-cars\/"},"wordCount":262,"commentCount":0,"publisher":{"@id":"https:\/\/www.mydistrigo.be\/fr\/#organization"},"image":{"@id":"https:\/\/www.mydistrigo.be\/fr\/nouveau-chez-distrigo-deux-batteries-eurorepar-pour-camping-cars\/#primaryimage"},"thumbnailUrl":"https:\/\/www.mydistrigo.be\/wp-content\/uploads\/2023\/10\/test.jpg","articleSection":["Batteries"],"inLanguage":"fr-FR","potentialAction":[{"@type":"CommentAction","name":"Comment","target":["https:\/\/www.mydistrigo.be\/fr\/nouveau-chez-distrigo-deux-batteries-eurorepar-pour-camping-cars\/#respond"]}]},{"@type":"WebPage","@id":"https:\/\/www.mydistrigo.be\/fr\/nouveau-chez-distrigo-deux-batteries-eurorepar-pour-camping-cars\/","url":"https:\/\/www.mydistrigo.be\/fr\/nouveau-chez-distrigo-deux-batteries-eurorepar-pour-camping-cars\/","name":"Notre actualit\u00e9 \u2013 Solutions professionnelles | DISTRIGO","isPartOf":{"@id":"https:\/\/www.mydistrigo.be\/fr\/#website"},"primaryImageOfPage":{"@id":"https:\/\/www.mydistrigo.be\/fr\/nouveau-chez-distrigo-deux-batteries-eurorepar-pour-camping-cars\/#primaryimage"},"image":{"@id":"https:\/\/www.mydistrigo.be\/fr\/nouveau-chez-distrigo-deux-batteries-eurorepar-pour-camping-cars\/#primaryimage"},"thumbnailUrl":"https:\/\/www.mydistrigo.be\/wp-content\/uploads\/2023\/10\/test.jpg","datePublished":"2023-10-24T18:30:32+00:00","dateModified":"2025-12-11T10:22:36+00:00","description":"Pour r\u00e9pondre aux besoins les plus pointus des r\u00e9parateurs, DISTRIGO dynamise sans arr\u00eat son offre multimarques avec de nouvelles r\u00e9f\u00e9rences. En tant que one-stop-shop, notre mission est d\u2019offrir le bon produit, au bon moment et au juste prix pour tous les v\u00e9hicules\u2026 dont les camping-cars\u00a0et caravanes !","breadcrumb":{"@id":"https:\/\/www.mydistrigo.be\/fr\/nouveau-chez-distrigo-deux-batteries-eurorepar-pour-camping-cars\/#breadcrumb"},"inLanguage":"fr-FR","potentialAction":[{"@type":"ReadAction","target":["https:\/\/www.mydistrigo.be\/fr\/nouveau-chez-distrigo-deux-batteries-eurorepar-pour-camping-cars\/"]}]},{"@type":"ImageObject","inLanguage":"fr-FR","@id":"https:\/\/www.mydistrigo.be\/fr\/nouveau-chez-distrigo-deux-batteries-eurorepar-pour-camping-cars\/#primaryimage","url":"https:\/\/www.mydistrigo.be\/wp-content\/uploads\/2023\/10\/test.jpg","contentUrl":"https:\/\/www.mydistrigo.be\/wp-content\/uploads\/2023\/10\/test.jpg","width":1366,"height":620},{"@type":"BreadcrumbList","@id":"https:\/\/www.mydistrigo.be\/fr\/nouveau-chez-distrigo-deux-batteries-eurorepar-pour-camping-cars\/#breadcrumb","itemListElement":[{"@type":"ListItem","position":1,"name":"Home","item":"https:\/\/www.mydistrigo.be\/fr\/"},{"@type":"ListItem","position":2,"name":"Nouveau chez DISTRIGO : deux batteries EUROREPAR pour camping-cars"}]},{"@type":"WebSite","@id":"https:\/\/www.mydistrigo.be\/fr\/#website","url":"https:\/\/www.mydistrigo.be\/fr\/","name":"MyDistrigo","description":"DISTRIGO vous offre bien plus que des pi\u00e8ces de rechange.  Nous vous proposons un soutien quotidien et des solutions sur mesure pour r\u00e9pondre \u00e0 tous vos besoins, voire les anticiper. Nous souhaitons faire de vos objectifs NOS objectifs, et travailler en v\u00e9ritables co\u00e9quipiers pour avancer ensemble, dans la m\u00eame direction","publisher":{"@id":"https:\/\/www.mydistrigo.be\/fr\/#organization"},"potentialAction":[{"@type":"SearchAction","target":{"@type":"EntryPoint","urlTemplate":"https:\/\/www.mydistrigo.be\/fr\/?s={search_term_string}"},"query-input":{"@type":"PropertyValueSpecification","valueRequired":true,"valueName":"search_term_string"}}],"inLanguage":"fr-FR"},{"@type":"Organization","@id":"https:\/\/www.mydistrigo.be\/fr\/#organization","name":"PSA- Distrigo","url":"https:\/\/www.mydistrigo.be\/fr\/","logo":{"@type":"ImageObject","inLanguage":"fr-FR","@id":"https:\/\/www.mydistrigo.be\/fr\/#\/schema\/logo\/image\/","url":"https:\/\/www.mydistrigo.be\/wp-content\/uploads\/2023\/06\/logo-noir.png","contentUrl":"https:\/\/www.mydistrigo.be\/wp-content\/uploads\/2023\/06\/logo-noir.png","width":314,"height":90,"caption":"PSA- Distrigo"},"image":{"@id":"https:\/\/www.mydistrigo.be\/fr\/#\/schema\/logo\/image\/"},"sameAs":["https:\/\/www.linkedin.com\/company\/distrigo-belux\/about\/"]},{"@type":"Person","@id":"https:\/\/www.mydistrigo.be\/fr\/#\/schema\/person\/b89d951a23c8ca75dca3377593bd7f61","name":"EpamOlivier","image":{"@type":"ImageObject","inLanguage":"fr-FR","@id":"https:\/\/secure.gravatar.com\/avatar\/ee94fe607c5577bbca6aaa10fcec520aa3994ee215e5acd39dc6f566c4f53c6b?s=96&d=mm&r=g","url":"https:\/\/secure.gravatar.com\/avatar\/ee94fe607c5577bbca6aaa10fcec520aa3994ee215e5acd39dc6f566c4f53c6b?s=96&d=mm&r=g","contentUrl":"https:\/\/secure.gravatar.com\/avatar\/ee94fe607c5577bbca6aaa10fcec520aa3994ee215e5acd39dc6f566c4f53c6b?s=96&d=mm&r=g","caption":"EpamOlivier"},"url":"https:\/\/www.mydistrigo.be\/fr\/author\/epamolivier\/"}]}},"_links":{"self":[{"href":"https:\/\/www.mydistrigo.be\/fr\/wp-json\/wp\/v2\/posts\/278","targetHints":{"allow":["GET"]}}],"collection":[{"href":"https:\/\/www.mydistrigo.be\/fr\/wp-json\/wp\/v2\/posts"}],"about":[{"href":"https:\/\/www.mydistrigo.be\/fr\/wp-json\/wp\/v2\/types\/post"}],"author":[{"embeddable":true,"href":"https:\/\/www.mydistrigo.be\/fr\/wp-json\/wp\/v2\/users\/2"}],"replies":[{"embeddable":true,"href":"https:\/\/www.mydistrigo.be\/fr\/wp-json\/wp\/v2\/comments?post=278"}],"version-history":[{"count":6,"href":"https:\/\/www.mydistrigo.be\/fr\/wp-json\/wp\/v2\/posts\/278\/revisions"}],"predecessor-version":[{"id":362,"href":"https:\/\/www.mydistrigo.be\/fr\/wp-json\/wp\/v2\/posts\/278\/revisions\/362"}],"wp:featuredmedia":[{"embeddable":true,"href":"https:\/\/www.mydistrigo.be\/fr\/wp-json\/wp\/v2\/media\/286"}],"wp:attachment":[{"href":"https:\/\/www.mydistrigo.be\/fr\/wp-json\/wp\/v2\/media?parent=278"}],"wp:term":[{"taxonomy":"category","embeddable":true,"href":"https:\/\/www.mydistrigo.be\/fr\/wp-json\/wp\/v2\/categories?post=278"},{"taxonomy":"post_tag","embeddable":true,"href":"https:\/\/www.mydistrigo.be\/fr\/wp-json\/wp\/v2\/tags?post=278"}],"curies":[{"name":"wp","href":"https:\/\/api.w.org\/{rel}","templated":true}]}}