{"id":1832,"date":"2026-04-29T13:18:40","date_gmt":"2026-04-29T13:18:40","guid":{"rendered":"https:\/\/www.mydistrigo.be\/?p=1832"},"modified":"2026-04-30T12:37:34","modified_gmt":"2026-04-30T12:37:34","slug":"wurth-solution-de-reparation-pour-pare-brise","status":"publish","type":"post","link":"https:\/\/www.mydistrigo.be\/fr\/wurth-solution-de-reparation-pour-pare-brise\/","title":{"rendered":"Kit de r\u00e9paration de vitres W\u00dcRTH, une opportunit\u00e9 concr\u00e8te pour votre atelier"},"content":{"rendered":"<p>Aujourd\u2019hui, avec la baisse des volumes d\u2019entretien, il devient essentiel de proposer des services rapides, rentables et adapt\u00e9s aux besoins imm\u00e9diats de vos clients.<\/p>\n<p>La r\u00e9paration de pare-brise et d\u2019\u00e9clats de vitres fait clairement partie des activit\u00e9s en forte croissance et c\u2019est une opportunit\u00e9 que vous pouvez capter directement \u00e0 l\u2019atelier<\/p>\n<p><a class=\"btn btn-primary btn-icon-arrow mt-auto\" href=\"https:\/\/www.mydistrigo.be\/distrigodeals\/?lang=fr&#038;#ancre-27\" target=\"_blank\" rel=\"noopener\">Profitez de notre DISTRIGO deal<\/a><\/p>\n<p><a class=\"btn btn-primary btn-icon-arrow mt-auto\" href=\"https:\/\/www.mydistrigo.be\/wp-content\/uploads\/2026\/04\/Steenslagreparatie_FR_compressed.pdf\" target=\"_blank\" rel=\"noopener\">T\u00e9l\u00e9chargez la brochure<\/a><\/p>\n<hr class=\"hr\" \/>\n<h4><strong>Ce que vous nous remontez souvent<\/strong><\/h4>\n<ul>\n<li>Un march\u00e9 d\u00e9j\u00e0 bien occup\u00e9<\/li>\n<li>Des kits classiques parfois contraignants :\n<ul>\n<li>manipulation manuelle importante<\/li>\n<li>r\u00e9sultats pas toujours constants<\/li>\n<\/ul>\n<\/li>\n<\/ul>\n<hr class=\"hr\" \/>\n<h4><strong>La solution W\u00dcRTH : simple et efficace<\/strong><\/h4>\n<p>Une technologie automatis\u00e9e qui vous permet de travailler plus facilement, avec un r\u00e9sultat r\u00e9gulier.<br data-start=\"923\" data-end=\"926\" \/>Le tout sans bouleverser votre organisation \u00e0 l\u2019atelier.<\/p>\n<p>Concr\u00e8tement : c\u2019est rapide \u00e0 mettre en \u0153uvre, rentable et accessible pour vos \u00e9quipes.<\/p>\n<p><iframe loading=\"lazy\" \n  src=\"https:\/\/www.youtube.com\/embed\/lCtn3LSvUj0?si=VMLRZ49TQxvhcuIa\" width=\"100%\" height=\"50%\"\n  style=\"width: 100%; aspect-ratio: 16 \/ 9;\"\n  allowfullscreen><br \/>\n<\/iframe><\/p>\n<hr class=\"hr\" \/>\n<h4><strong>Ce que \u00e7a vous apporte au quotidien<\/strong><\/h4>\n<ul>\n<li>Un service suppl\u00e9mentaire \u00e0 proposer facilement \u00e0 vos clients<\/li>\n<li>Une prise en charge rapide des impacts (avant que \u00e7a ne s\u2019aggrave)<\/li>\n<li>Plus de fid\u00e9lisation, en gardant ce type d\u2019intervention chez vous<\/li>\n<\/ul>\n<hr class=\"hr\" \/ style=\"border:none;\">\n<div class=\"conseils\" style=\"margin:0 0 25px 0;\">\n<h4 style=\"color:var(--color-primary);\"><strong>Testez directement dans votre atelier<\/strong><\/h4>\n<p>Une d\u00e9monstration peut \u00eatre r\u00e9alis\u00e9e dans votre garage, simplement sur demande aupr\u00e8s de votre repr\u00e9sentant DISTRIGO ou W\u00dcRTH.<\/p><\/div>\n<p><a class=\"btn btn-primary btn-icon-arrow mt-auto\" href=\"https:\/\/www.mydistrigo.be\/distrigodeals\/?lang=fr&#038;#ancre-27\" target=\"_blank\" rel=\"noopener\">Profitez de notre DISTRIGO deal<\/a><\/p>\n<p><a class=\"btn btn-primary btn-icon-arrow mt-auto\" href=\"https:\/\/www.mydistrigo.be\/wp-content\/uploads\/2026\/04\/Steenslagreparatie_FR_compressed.pdf\" target=\"_blank\" rel=\"noopener\">T\u00e9l\u00e9chargez la brochure<\/a><\/p>\n","protected":false},"excerpt":{"rendered":"Aujourd\u2019hui, avec la baisse des volumes d\u2019entretien, il devient essentiel de proposer des services rapides, rentables et adapt\u00e9s aux besoins imm\u00e9diats de vos clients. La r\u00e9paration de pare-brise et d\u2019\u00e9clats de vitres fait clairement partie des activit\u00e9s en forte croissance et c\u2019est une opportunit\u00e9 que vous pouvez capter directement \u00e0 l\u2019atelier Profitez de notre DISTRIGO (&#8230;)","protected":false},"author":2,"featured_media":1837,"comment_status":"closed","ping_status":"closed","sticky":false,"template":"","format":"standard","meta":{"_acf_changed":false,"footnotes":""},"categories":[79],"tags":[],"class_list":["post-1832","post","type-post","status-publish","format-standard","has-post-thumbnail","hentry","category-visibilite"],"acf":[],"yoast_head":"<!-- This site is optimized with the Yoast SEO plugin v27.5 - https:\/\/yoast.com\/product\/yoast-seo-wordpress\/ -->\n<title>Notre actualit\u00e9 \u2013 Solutions professionnelles | DISTRIGO<\/title>\n<meta name=\"description\" content=\"Suivez les nouveaut\u00e9s, lancements produits et promotions de DISTRIGO pour les professionnels de l\u2019automobile \u2013 Solutions et pi\u00e8ces adapt\u00e9es aux professionnels.\" \/>\n<meta name=\"robots\" content=\"index, follow, max-snippet:-1, max-image-preview:large, max-video-preview:-1\" \/>\n<link rel=\"canonical\" href=\"https:\/\/www.mydistrigo.be\/fr\/wurth-solution-de-reparation-pour-pare-brise\/\" \/>\n<meta property=\"og:locale\" content=\"fr_FR\" \/>\n<meta property=\"og:type\" content=\"article\" \/>\n<meta property=\"og:title\" content=\"Notre actualit\u00e9 \u2013 Solutions professionnelles | DISTRIGO\" \/>\n<meta property=\"og:description\" content=\"Suivez les nouveaut\u00e9s, lancements produits et promotions de DISTRIGO pour les professionnels de l\u2019automobile \u2013 Solutions et pi\u00e8ces adapt\u00e9es aux professionnels.\" \/>\n<meta property=\"og:url\" content=\"https:\/\/www.mydistrigo.be\/fr\/wurth-solution-de-reparation-pour-pare-brise\/\" \/>\n<meta property=\"og:site_name\" content=\"MyDistrigo\" \/>\n<meta property=\"article:published_time\" content=\"2026-04-29T13:18:40+00:00\" \/>\n<meta property=\"article:modified_time\" content=\"2026-04-30T12:37:34+00:00\" \/>\n<meta property=\"og:image\" content=\"https:\/\/www.mydistrigo.be\/wp-content\/uploads\/2026\/04\/pare-brise-wurth.jpg\" \/>\n\t<meta property=\"og:image:width\" content=\"900\" \/>\n\t<meta property=\"og:image:height\" content=\"375\" \/>\n\t<meta property=\"og:image:type\" content=\"image\/jpeg\" \/>\n<meta name=\"author\" content=\"EpamOlivier\" \/>\n<meta name=\"twitter:card\" content=\"summary_large_image\" \/>\n<meta name=\"twitter:label1\" content=\"\u00c9crit par\" \/>\n\t<meta name=\"twitter:data1\" content=\"EpamOlivier\" \/>\n\t<meta name=\"twitter:label2\" content=\"Dur\u00e9e de lecture estim\u00e9e\" \/>\n\t<meta name=\"twitter:data2\" content=\"2 minutes\" \/>\n<script type=\"application\/ld+json\" class=\"yoast-schema-graph\">{\"@context\":\"https:\\\/\\\/schema.org\",\"@graph\":[{\"@type\":\"Article\",\"@id\":\"https:\\\/\\\/www.mydistrigo.be\\\/fr\\\/wurth-solution-de-reparation-pour-pare-brise\\\/#article\",\"isPartOf\":{\"@id\":\"https:\\\/\\\/www.mydistrigo.be\\\/fr\\\/wurth-solution-de-reparation-pour-pare-brise\\\/\"},\"author\":{\"name\":\"EpamOlivier\",\"@id\":\"https:\\\/\\\/www.mydistrigo.be\\\/fr\\\/#\\\/schema\\\/person\\\/b89d951a23c8ca75dca3377593bd7f61\"},\"headline\":\"Kit de r\u00e9paration de vitres W\u00dcRTH, une opportunit\u00e9 concr\u00e8te pour votre atelier\",\"datePublished\":\"2026-04-29T13:18:40+00:00\",\"dateModified\":\"2026-04-30T12:37:34+00:00\",\"mainEntityOfPage\":{\"@id\":\"https:\\\/\\\/www.mydistrigo.be\\\/fr\\\/wurth-solution-de-reparation-pour-pare-brise\\\/\"},\"wordCount\":234,\"publisher\":{\"@id\":\"https:\\\/\\\/www.mydistrigo.be\\\/fr\\\/#organization\"},\"image\":{\"@id\":\"https:\\\/\\\/www.mydistrigo.be\\\/fr\\\/wurth-solution-de-reparation-pour-pare-brise\\\/#primaryimage\"},\"thumbnailUrl\":\"https:\\\/\\\/www.mydistrigo.be\\\/wp-content\\\/uploads\\\/2026\\\/04\\\/pare-brise-wurth.jpg\",\"articleSection\":[\"Visibilit\u00e9\"],\"inLanguage\":\"fr-FR\"},{\"@type\":\"WebPage\",\"@id\":\"https:\\\/\\\/www.mydistrigo.be\\\/fr\\\/wurth-solution-de-reparation-pour-pare-brise\\\/\",\"url\":\"https:\\\/\\\/www.mydistrigo.be\\\/fr\\\/wurth-solution-de-reparation-pour-pare-brise\\\/\",\"name\":\"Notre actualit\u00e9 \u2013 Solutions professionnelles | DISTRIGO\",\"isPartOf\":{\"@id\":\"https:\\\/\\\/www.mydistrigo.be\\\/fr\\\/#website\"},\"primaryImageOfPage\":{\"@id\":\"https:\\\/\\\/www.mydistrigo.be\\\/fr\\\/wurth-solution-de-reparation-pour-pare-brise\\\/#primaryimage\"},\"image\":{\"@id\":\"https:\\\/\\\/www.mydistrigo.be\\\/fr\\\/wurth-solution-de-reparation-pour-pare-brise\\\/#primaryimage\"},\"thumbnailUrl\":\"https:\\\/\\\/www.mydistrigo.be\\\/wp-content\\\/uploads\\\/2026\\\/04\\\/pare-brise-wurth.jpg\",\"datePublished\":\"2026-04-29T13:18:40+00:00\",\"dateModified\":\"2026-04-30T12:37:34+00:00\",\"description\":\"Suivez les nouveaut\u00e9s, lancements produits et promotions de DISTRIGO pour les professionnels de l\u2019automobile \u2013 Solutions et pi\u00e8ces adapt\u00e9es aux professionnels.\",\"breadcrumb\":{\"@id\":\"https:\\\/\\\/www.mydistrigo.be\\\/fr\\\/wurth-solution-de-reparation-pour-pare-brise\\\/#breadcrumb\"},\"inLanguage\":\"fr-FR\",\"potentialAction\":[{\"@type\":\"ReadAction\",\"target\":[\"https:\\\/\\\/www.mydistrigo.be\\\/fr\\\/wurth-solution-de-reparation-pour-pare-brise\\\/\"]}]},{\"@type\":\"ImageObject\",\"inLanguage\":\"fr-FR\",\"@id\":\"https:\\\/\\\/www.mydistrigo.be\\\/fr\\\/wurth-solution-de-reparation-pour-pare-brise\\\/#primaryimage\",\"url\":\"https:\\\/\\\/www.mydistrigo.be\\\/wp-content\\\/uploads\\\/2026\\\/04\\\/pare-brise-wurth.jpg\",\"contentUrl\":\"https:\\\/\\\/www.mydistrigo.be\\\/wp-content\\\/uploads\\\/2026\\\/04\\\/pare-brise-wurth.jpg\",\"width\":900,\"height\":375},{\"@type\":\"BreadcrumbList\",\"@id\":\"https:\\\/\\\/www.mydistrigo.be\\\/fr\\\/wurth-solution-de-reparation-pour-pare-brise\\\/#breadcrumb\",\"itemListElement\":[{\"@type\":\"ListItem\",\"position\":1,\"name\":\"Home\",\"item\":\"https:\\\/\\\/www.mydistrigo.be\\\/fr\\\/\"},{\"@type\":\"ListItem\",\"position\":2,\"name\":\"Kit de r\u00e9paration de vitres W\u00dcRTH, une opportunit\u00e9 concr\u00e8te pour votre atelier\"}]},{\"@type\":\"WebSite\",\"@id\":\"https:\\\/\\\/www.mydistrigo.be\\\/fr\\\/#website\",\"url\":\"https:\\\/\\\/www.mydistrigo.be\\\/fr\\\/\",\"name\":\"MyDistrigo\",\"description\":\"DISTRIGO vous offre bien plus que des pi\u00e8ces de rechange.  Nous vous proposons un soutien quotidien et des solutions sur mesure pour r\u00e9pondre \u00e0 tous vos besoins, voire les anticiper. Nous souhaitons faire de vos objectifs NOS objectifs, et travailler en v\u00e9ritables co\u00e9quipiers pour avancer ensemble, dans la m\u00eame direction\",\"publisher\":{\"@id\":\"https:\\\/\\\/www.mydistrigo.be\\\/fr\\\/#organization\"},\"potentialAction\":[{\"@type\":\"SearchAction\",\"target\":{\"@type\":\"EntryPoint\",\"urlTemplate\":\"https:\\\/\\\/www.mydistrigo.be\\\/fr\\\/?s={search_term_string}\"},\"query-input\":{\"@type\":\"PropertyValueSpecification\",\"valueRequired\":true,\"valueName\":\"search_term_string\"}}],\"inLanguage\":\"fr-FR\"},{\"@type\":\"Organization\",\"@id\":\"https:\\\/\\\/www.mydistrigo.be\\\/fr\\\/#organization\",\"name\":\"PSA- Distrigo\",\"url\":\"https:\\\/\\\/www.mydistrigo.be\\\/fr\\\/\",\"logo\":{\"@type\":\"ImageObject\",\"inLanguage\":\"fr-FR\",\"@id\":\"https:\\\/\\\/www.mydistrigo.be\\\/fr\\\/#\\\/schema\\\/logo\\\/image\\\/\",\"url\":\"https:\\\/\\\/www.mydistrigo.be\\\/wp-content\\\/uploads\\\/2023\\\/06\\\/logo-noir.png\",\"contentUrl\":\"https:\\\/\\\/www.mydistrigo.be\\\/wp-content\\\/uploads\\\/2023\\\/06\\\/logo-noir.png\",\"width\":314,\"height\":90,\"caption\":\"PSA- Distrigo\"},\"image\":{\"@id\":\"https:\\\/\\\/www.mydistrigo.be\\\/fr\\\/#\\\/schema\\\/logo\\\/image\\\/\"},\"sameAs\":[\"https:\\\/\\\/www.linkedin.com\\\/company\\\/distrigo-belux\\\/about\\\/\"]},{\"@type\":\"Person\",\"@id\":\"https:\\\/\\\/www.mydistrigo.be\\\/fr\\\/#\\\/schema\\\/person\\\/b89d951a23c8ca75dca3377593bd7f61\",\"name\":\"EpamOlivier\",\"image\":{\"@type\":\"ImageObject\",\"inLanguage\":\"fr-FR\",\"@id\":\"https:\\\/\\\/secure.gravatar.com\\\/avatar\\\/ee94fe607c5577bbca6aaa10fcec520aa3994ee215e5acd39dc6f566c4f53c6b?s=96&d=mm&r=g\",\"url\":\"https:\\\/\\\/secure.gravatar.com\\\/avatar\\\/ee94fe607c5577bbca6aaa10fcec520aa3994ee215e5acd39dc6f566c4f53c6b?s=96&d=mm&r=g\",\"contentUrl\":\"https:\\\/\\\/secure.gravatar.com\\\/avatar\\\/ee94fe607c5577bbca6aaa10fcec520aa3994ee215e5acd39dc6f566c4f53c6b?s=96&d=mm&r=g\",\"caption\":\"EpamOlivier\"},\"url\":\"https:\\\/\\\/www.mydistrigo.be\\\/fr\\\/author\\\/epamolivier\\\/\"}]}<\/script>\n<!-- \/ Yoast SEO plugin. -->","yoast_head_json":{"title":"Notre actualit\u00e9 \u2013 Solutions professionnelles | DISTRIGO","description":"Suivez les nouveaut\u00e9s, lancements produits et promotions de DISTRIGO pour les professionnels de l\u2019automobile \u2013 Solutions et pi\u00e8ces adapt\u00e9es aux professionnels.","robots":{"index":"index","follow":"follow","max-snippet":"max-snippet:-1","max-image-preview":"max-image-preview:large","max-video-preview":"max-video-preview:-1"},"canonical":"https:\/\/www.mydistrigo.be\/fr\/wurth-solution-de-reparation-pour-pare-brise\/","og_locale":"fr_FR","og_type":"article","og_title":"Notre actualit\u00e9 \u2013 Solutions professionnelles | DISTRIGO","og_description":"Suivez les nouveaut\u00e9s, lancements produits et promotions de DISTRIGO pour les professionnels de l\u2019automobile \u2013 Solutions et pi\u00e8ces adapt\u00e9es aux professionnels.","og_url":"https:\/\/www.mydistrigo.be\/fr\/wurth-solution-de-reparation-pour-pare-brise\/","og_site_name":"MyDistrigo","article_published_time":"2026-04-29T13:18:40+00:00","article_modified_time":"2026-04-30T12:37:34+00:00","og_image":[{"width":900,"height":375,"url":"https:\/\/www.mydistrigo.be\/wp-content\/uploads\/2026\/04\/pare-brise-wurth.jpg","type":"image\/jpeg"}],"author":"EpamOlivier","twitter_card":"summary_large_image","twitter_misc":{"\u00c9crit par":"EpamOlivier","Dur\u00e9e de lecture estim\u00e9e":"2 minutes"},"schema":{"@context":"https:\/\/schema.org","@graph":[{"@type":"Article","@id":"https:\/\/www.mydistrigo.be\/fr\/wurth-solution-de-reparation-pour-pare-brise\/#article","isPartOf":{"@id":"https:\/\/www.mydistrigo.be\/fr\/wurth-solution-de-reparation-pour-pare-brise\/"},"author":{"name":"EpamOlivier","@id":"https:\/\/www.mydistrigo.be\/fr\/#\/schema\/person\/b89d951a23c8ca75dca3377593bd7f61"},"headline":"Kit de r\u00e9paration de vitres W\u00dcRTH, une opportunit\u00e9 concr\u00e8te pour votre atelier","datePublished":"2026-04-29T13:18:40+00:00","dateModified":"2026-04-30T12:37:34+00:00","mainEntityOfPage":{"@id":"https:\/\/www.mydistrigo.be\/fr\/wurth-solution-de-reparation-pour-pare-brise\/"},"wordCount":234,"publisher":{"@id":"https:\/\/www.mydistrigo.be\/fr\/#organization"},"image":{"@id":"https:\/\/www.mydistrigo.be\/fr\/wurth-solution-de-reparation-pour-pare-brise\/#primaryimage"},"thumbnailUrl":"https:\/\/www.mydistrigo.be\/wp-content\/uploads\/2026\/04\/pare-brise-wurth.jpg","articleSection":["Visibilit\u00e9"],"inLanguage":"fr-FR"},{"@type":"WebPage","@id":"https:\/\/www.mydistrigo.be\/fr\/wurth-solution-de-reparation-pour-pare-brise\/","url":"https:\/\/www.mydistrigo.be\/fr\/wurth-solution-de-reparation-pour-pare-brise\/","name":"Notre actualit\u00e9 \u2013 Solutions professionnelles | DISTRIGO","isPartOf":{"@id":"https:\/\/www.mydistrigo.be\/fr\/#website"},"primaryImageOfPage":{"@id":"https:\/\/www.mydistrigo.be\/fr\/wurth-solution-de-reparation-pour-pare-brise\/#primaryimage"},"image":{"@id":"https:\/\/www.mydistrigo.be\/fr\/wurth-solution-de-reparation-pour-pare-brise\/#primaryimage"},"thumbnailUrl":"https:\/\/www.mydistrigo.be\/wp-content\/uploads\/2026\/04\/pare-brise-wurth.jpg","datePublished":"2026-04-29T13:18:40+00:00","dateModified":"2026-04-30T12:37:34+00:00","description":"Suivez les nouveaut\u00e9s, lancements produits et promotions de DISTRIGO pour les professionnels de l\u2019automobile \u2013 Solutions et pi\u00e8ces adapt\u00e9es aux professionnels.","breadcrumb":{"@id":"https:\/\/www.mydistrigo.be\/fr\/wurth-solution-de-reparation-pour-pare-brise\/#breadcrumb"},"inLanguage":"fr-FR","potentialAction":[{"@type":"ReadAction","target":["https:\/\/www.mydistrigo.be\/fr\/wurth-solution-de-reparation-pour-pare-brise\/"]}]},{"@type":"ImageObject","inLanguage":"fr-FR","@id":"https:\/\/www.mydistrigo.be\/fr\/wurth-solution-de-reparation-pour-pare-brise\/#primaryimage","url":"https:\/\/www.mydistrigo.be\/wp-content\/uploads\/2026\/04\/pare-brise-wurth.jpg","contentUrl":"https:\/\/www.mydistrigo.be\/wp-content\/uploads\/2026\/04\/pare-brise-wurth.jpg","width":900,"height":375},{"@type":"BreadcrumbList","@id":"https:\/\/www.mydistrigo.be\/fr\/wurth-solution-de-reparation-pour-pare-brise\/#breadcrumb","itemListElement":[{"@type":"ListItem","position":1,"name":"Home","item":"https:\/\/www.mydistrigo.be\/fr\/"},{"@type":"ListItem","position":2,"name":"Kit de r\u00e9paration de vitres W\u00dcRTH, une opportunit\u00e9 concr\u00e8te pour votre atelier"}]},{"@type":"WebSite","@id":"https:\/\/www.mydistrigo.be\/fr\/#website","url":"https:\/\/www.mydistrigo.be\/fr\/","name":"MyDistrigo","description":"DISTRIGO vous offre bien plus que des pi\u00e8ces de rechange.  Nous vous proposons un soutien quotidien et des solutions sur mesure pour r\u00e9pondre \u00e0 tous vos besoins, voire les anticiper. Nous souhaitons faire de vos objectifs NOS objectifs, et travailler en v\u00e9ritables co\u00e9quipiers pour avancer ensemble, dans la m\u00eame direction","publisher":{"@id":"https:\/\/www.mydistrigo.be\/fr\/#organization"},"potentialAction":[{"@type":"SearchAction","target":{"@type":"EntryPoint","urlTemplate":"https:\/\/www.mydistrigo.be\/fr\/?s={search_term_string}"},"query-input":{"@type":"PropertyValueSpecification","valueRequired":true,"valueName":"search_term_string"}}],"inLanguage":"fr-FR"},{"@type":"Organization","@id":"https:\/\/www.mydistrigo.be\/fr\/#organization","name":"PSA- Distrigo","url":"https:\/\/www.mydistrigo.be\/fr\/","logo":{"@type":"ImageObject","inLanguage":"fr-FR","@id":"https:\/\/www.mydistrigo.be\/fr\/#\/schema\/logo\/image\/","url":"https:\/\/www.mydistrigo.be\/wp-content\/uploads\/2023\/06\/logo-noir.png","contentUrl":"https:\/\/www.mydistrigo.be\/wp-content\/uploads\/2023\/06\/logo-noir.png","width":314,"height":90,"caption":"PSA- Distrigo"},"image":{"@id":"https:\/\/www.mydistrigo.be\/fr\/#\/schema\/logo\/image\/"},"sameAs":["https:\/\/www.linkedin.com\/company\/distrigo-belux\/about\/"]},{"@type":"Person","@id":"https:\/\/www.mydistrigo.be\/fr\/#\/schema\/person\/b89d951a23c8ca75dca3377593bd7f61","name":"EpamOlivier","image":{"@type":"ImageObject","inLanguage":"fr-FR","@id":"https:\/\/secure.gravatar.com\/avatar\/ee94fe607c5577bbca6aaa10fcec520aa3994ee215e5acd39dc6f566c4f53c6b?s=96&d=mm&r=g","url":"https:\/\/secure.gravatar.com\/avatar\/ee94fe607c5577bbca6aaa10fcec520aa3994ee215e5acd39dc6f566c4f53c6b?s=96&d=mm&r=g","contentUrl":"https:\/\/secure.gravatar.com\/avatar\/ee94fe607c5577bbca6aaa10fcec520aa3994ee215e5acd39dc6f566c4f53c6b?s=96&d=mm&r=g","caption":"EpamOlivier"},"url":"https:\/\/www.mydistrigo.be\/fr\/author\/epamolivier\/"}]}},"_links":{"self":[{"href":"https:\/\/www.mydistrigo.be\/fr\/wp-json\/wp\/v2\/posts\/1832","targetHints":{"allow":["GET"]}}],"collection":[{"href":"https:\/\/www.mydistrigo.be\/fr\/wp-json\/wp\/v2\/posts"}],"about":[{"href":"https:\/\/www.mydistrigo.be\/fr\/wp-json\/wp\/v2\/types\/post"}],"author":[{"embeddable":true,"href":"https:\/\/www.mydistrigo.be\/fr\/wp-json\/wp\/v2\/users\/2"}],"replies":[{"embeddable":true,"href":"https:\/\/www.mydistrigo.be\/fr\/wp-json\/wp\/v2\/comments?post=1832"}],"version-history":[{"count":21,"href":"https:\/\/www.mydistrigo.be\/fr\/wp-json\/wp\/v2\/posts\/1832\/revisions"}],"predecessor-version":[{"id":1870,"href":"https:\/\/www.mydistrigo.be\/fr\/wp-json\/wp\/v2\/posts\/1832\/revisions\/1870"}],"wp:featuredmedia":[{"embeddable":true,"href":"https:\/\/www.mydistrigo.be\/fr\/wp-json\/wp\/v2\/media\/1837"}],"wp:attachment":[{"href":"https:\/\/www.mydistrigo.be\/fr\/wp-json\/wp\/v2\/media?parent=1832"}],"wp:term":[{"taxonomy":"category","embeddable":true,"href":"https:\/\/www.mydistrigo.be\/fr\/wp-json\/wp\/v2\/categories?post=1832"},{"taxonomy":"post_tag","embeddable":true,"href":"https:\/\/www.mydistrigo.be\/fr\/wp-json\/wp\/v2\/tags?post=1832"}],"curies":[{"name":"wp","href":"https:\/\/api.w.org\/{rel}","templated":true}]}}