{"id":121,"date":"2023-07-26T10:14:00","date_gmt":"2023-07-26T10:14:00","guid":{"rendered":"https:\/\/www.mydistrigo.be\/?p=121"},"modified":"2025-12-24T10:15:20","modified_gmt":"2025-12-24T10:15:20","slug":"sustainera-distrigo-a-lere-de-leconomie-circulaire","status":"publish","type":"post","link":"https:\/\/www.mydistrigo.be\/fr\/sustainera-distrigo-a-lere-de-leconomie-circulaire\/","title":{"rendered":"SUSTAINera : DISTRIGO \u00e0 l\u2019\u00e8re de l\u2019\u00e9conomie circulaire"},"content":{"rendered":"<p><em>Chez DISTRIGO, nous faisons bien plus qu\u2019offrir le bon produit, au bon moment et au juste prix aux r\u00e9parateurs de toutes les marques automobiles. Nous pensons aussi \u00e0 demain. Avec notre gamme de pi\u00e8ces SUSTAINera, nous r\u00e9duisons fortement notre impact CO<span style=\"font-size: 0.5em;\">2<\/span> et l\u2019utilisation des mati\u00e8res premi\u00e8res.<\/em><\/p>\n<div style=\"width: 900px;\" class=\"wp-video\"><video class=\"wp-video-shortcode\" id=\"video-121-1\" width=\"900\" height=\"506\" preload=\"metadata\" controls=\"controls\"><source type=\"video\/mp4\" src=\"https:\/\/www.mydistrigo.be\/wp-content\/uploads\/2023\/07\/SUSTAINera_FR.mp4?_=1\" \/><a href=\"https:\/\/www.mydistrigo.be\/wp-content\/uploads\/2023\/07\/SUSTAINera_FR.mp4\">https:\/\/www.mydistrigo.be\/wp-content\/uploads\/2023\/07\/SUSTAINera_FR.mp4<\/a><\/video><\/div>\n<hr \/>\n<h3 class=\"p1\">Construire un avenir meilleur<\/h3>\n<p class=\"p1\">Aujourd\u2019hui, la durabilit\u00e9 est devenue une pr\u00e9occupation majeure de tous, particuliers comme professionnels&#8230; Chez DISTRIGO, notre engagement \u00e0 pr\u00e9server l\u2019environnement et \u00e0 r\u00e9duire la consommation d\u2019\u00e9nergie li\u00e9e \u00e0 notre activit\u00e9 passe par la r\u00e9alisation d\u2019un double objectif :<\/p>\n<ul>\n<li class=\"p1\">Assurer la plus longue vie possible aux pi\u00e8ces pr\u00e9sentes dans les v\u00e9hicules<\/li>\n<li class=\"p1\">R\u00e9int\u00e9grer les mat\u00e9riaux des pi\u00e8ces en fin de vie dans la fabrication de nouveaux produits<\/li>\n<\/ul>\n<hr \/>\n<h3>SUSTAINera, les pi\u00e8ces et accessoires durables de DISTRIGO<\/h3>\n<p class=\"p1\">SUSTAINera \u2013 \u00ab l\u2019\u00e8re du durable \u00bb \u2013 est le label regroupant toutes les initiatives en mati\u00e8re d&rsquo;\u00e9conomie circulaire sur l&rsquo;ensemble du cycle de vie des v\u00e9hicules. Cela comprend une gamme \u00e9tendue de pi\u00e8ces de rechange qui offrent aux r\u00e9parateurs et clients des alternatives durables et abordables. SUSTAINera se pr\u00e9sente comme un \u00e9cosyst\u00e8me int\u00e9gr\u00e9 bas\u00e9 sur la strat\u00e9gie des 4 R.<\/p>\n<div style=\"padding-left: 35px;\">\n<h4 style=\"margin-top: 35px;\">1) <span style=\"color: #62af71;\">RE<\/span>MAN &#8211; <em>les pi\u00e8ces remanufactur\u00e9es <\/em><\/h4>\n<ul>\n<li>Les pi\u00e8ces usag\u00e9es, endommag\u00e9es ou d\u00e9fectueuses sont d\u00e9mont\u00e9es, nettoy\u00e9es et remises en \u00e9tat conform\u00e9ment aux sp\u00e9cifications d\u2019origine. Elles reviennent dans le circuit comme pi\u00e8ces \u00ab \u00c9change standard \u00bb jusqu\u2019\u00e0 40 % moins ch\u00e8res que les pi\u00e8ces neuves. Le montage est identique aux pi\u00e8ces d\u2019origine, avec la m\u00eame garantie et une disponibilit\u00e9 \u00e9lev\u00e9e durant tout le cycle de vie du v\u00e9hicule.<\/li>\n<li>Plus de 13 000 pi\u00e8ces sur 40 familles de produits<\/li>\n<li>Voordelen\n<ul>\n<li>Jusqu&rsquo;\u00e0 <strong style=\"color: #62af71;\">40%<\/strong> moins cher que les pi\u00e8ces neuves.<\/li>\n<li>Jusqu&rsquo;\u00e0 <strong style=\"color: #62af71;\">80%<\/strong> d&rsquo;\u00e9conomies de mati\u00e8res premi\u00e8res.<\/li>\n<li>Jusqu&rsquo;\u00e0<strong style=\"color: #62af71;\"> 50%<\/strong> d&#8217;emissions de CO<span style=\"font-size: 0.5em;\">2<\/span> en moins.<\/li>\n<\/ul>\n<\/li>\n<\/ul>\n<h4 style=\"margin-top: 35px;\">2) <span style=\"color: #62af71;\">RE<\/span>PAIR &#8211; <em>les pi\u00e8ces r\u00e9par\u00e9es <\/em><\/h4>\n<ul>\n<li>Les pi\u00e8ces \u00e9lectroniques et boites automatiques endommag\u00e9es sont r\u00e9par\u00e9es dans un centre \u00ab e-repair \u00bb apr\u00e8s acceptation du devis (jusqu\u2019\u00e0 50 % moins cher qu\u2019un remplacement). Elles sont ensuite r\u00e9install\u00e9es dans les v\u00e9hicules des clients avec une garantie de 2 ans.<\/li>\n<li>Plus de 1 000 r\u00e9f\u00e9rences sur 10 familles de produits<\/li>\n<li>B\u00e9n\u00e9fices :\n<ul>\n<li>Jusqu&rsquo;\u00e0 <strong style=\"color: #62af71;\">90%<\/strong> d&rsquo;\u00e9conomies de mati\u00e8res premi\u00e8res.<\/li>\n<li>Jusqu&rsquo;\u00e0 <strong style=\"color: #62af71;\">50%<\/strong> moins cher qu&rsquo;une pi\u00e8ce d&rsquo;origine.<\/li>\n<li>Jusqu&rsquo;\u00e0 <strong style=\"color: #62af71;\">60%<\/strong> d&#8217;emissions de CO<span style=\"font-size: 0.5em;\">2<\/span> en moins.<\/li>\n<\/ul>\n<\/li>\n<\/ul>\n<h4 style=\"margin-top: 35px;\">3) <span style=\"color: #62af71;\">RE<\/span>USE &#8211; <em>Les pi\u00e8ces de rechange<\/em><\/h4>\n<ul>\n<li>o Plus de 5 millions de pi\u00e8ces d\u2019occasion encore en bon \u00e9tat sont r\u00e9cup\u00e9r\u00e9es sur les v\u00e9hicules en fin de vie et vendues comme pi\u00e8ces de r\u00e9emploi (jusqu\u2019\u00e0 70 % moins cher qu\u2019une pi\u00e8ce neuve) avec une garantie de 2 ans.<\/li>\n<li>4 grandes familles de pi\u00e8ces : carrosserie, m\u00e9caniques, \u00e9lectroniques\/\u00e9lectriques et habitacle.<\/li>\n<li>B\u00e9n\u00e9fices :\n<ul>\n<li><strong style=\"color: #62af71;\">100% <\/strong>de mati\u00e8res \u00e9conomis\u00e9es.<\/li>\n<li>Jusqu&rsquo;\u00e0<strong style=\"color: #62af71;\"> 70% <\/strong>d&rsquo;\u00e9conomies par rapport au prix des pi\u00e8ces d&rsquo;origine neuves.<\/li>\n<li>Jusqu&rsquo;\u00e0<strong style=\"color: #62af71;\"> 50%<\/strong> de r\u00e9duction de CO<span style=\"font-size: 0.5em;\">2<\/span>.<\/li>\n<\/ul>\n<\/li>\n<\/ul>\n<h4 style=\"margin-top: 35px;\">4) <span style=\"color: #62af71;\">RE<\/span>CYCLE \u2013 <em>les pi\u00e8ces recycl\u00e9es<\/em><\/h4>\n<ul>\n<li>Les d\u00e9chets de production et les pi\u00e8ces des v\u00e9hicules hors d\u2019usage sont r\u00e9int\u00e9gr\u00e9s dans le processus de fabrication. Les modules de batterie, par exemple, sont broy\u00e9s avant extraction des principales mati\u00e8res premi\u00e8res servant \u00e0 la cr\u00e9ation de nouvelles batteries.<\/li>\n<li>Pr\u00e8s de 2 millions de pi\u00e8ces ont d\u00e9j\u00e0 \u00e9t\u00e9 collect\u00e9es et recycl\u00e9es.<\/li>\n<\/ul>\n<\/div>\n<hr \/>\n<h3>Bon pour la plan\u00e8te et bon pour vos profits<\/h3>\n<p>Pour chaque situation, DISTRIGO propose avec sa gamme SUSTAINera une solution adapt\u00e9e durable, abordable et respectueuse de la plan\u00e8te (comme de votre marge). Vos clients peuvent d\u00e9sormais r\u00e9aliser de belles \u00e9conomies, maintenir la valeur de revente du v\u00e9hicule et minimiser l\u2019utilisation des mati\u00e8res premi\u00e8res et l\u2019\u00e9nergie. La fabrication durable rencontre la consommation responsable\u2026 gr\u00e2ce \u00e0 vous !<\/p>\n","protected":false},"excerpt":{"rendered":"Chez DISTRIGO, nous faisons bien plus qu\u2019offrir le bon produit, au bon moment et au juste prix aux r\u00e9parateurs de toutes les marques automobiles. Nous pensons aussi \u00e0 demain. Avec notre gamme de pi\u00e8ces SUSTAINera, nous r\u00e9duisons fortement notre impact CO2 et l\u2019utilisation des mati\u00e8res premi\u00e8res. Construire un avenir meilleur Aujourd\u2019hui, la durabilit\u00e9 est devenue (&#8230;)","protected":false},"author":2,"featured_media":0,"comment_status":"open","ping_status":"open","sticky":false,"template":"","format":"standard","meta":{"_acf_changed":false,"footnotes":""},"categories":[1],"tags":[],"class_list":["post-121","post","type-post","status-publish","format-standard","hentry","category-non-classifiee"],"acf":[],"yoast_head":"<!-- This site is optimized with the Yoast SEO plugin v27.5 - https:\/\/yoast.com\/product\/yoast-seo-wordpress\/ -->\n<title>Sustainera L&#039;\u00e9conomie Circulaire Chez Stellantis | DISTRIGO<\/title>\n<meta name=\"description\" content=\"Sustainera L&#039;\u00e9conomie Circulaire En Action Chez Stellantis. D\u00e9couvrez nos solutions et produits associ\u00e9s chez DISTRIGO pour les professionnels de l\u2019automobile.\" \/>\n<meta name=\"robots\" content=\"index, follow, max-snippet:-1, max-image-preview:large, max-video-preview:-1\" \/>\n<link rel=\"canonical\" href=\"https:\/\/www.mydistrigo.be\/fr\/sustainera-distrigo-a-lere-de-leconomie-circulaire\/\" \/>\n<meta property=\"og:locale\" content=\"fr_FR\" \/>\n<meta property=\"og:type\" content=\"article\" \/>\n<meta property=\"og:title\" content=\"Sustainera L&#039;\u00e9conomie Circulaire Chez Stellantis | DISTRIGO\" \/>\n<meta property=\"og:description\" content=\"Sustainera L&#039;\u00e9conomie Circulaire En Action Chez Stellantis. D\u00e9couvrez nos solutions et produits associ\u00e9s chez DISTRIGO pour les professionnels de l\u2019automobile.\" \/>\n<meta property=\"og:url\" content=\"https:\/\/www.mydistrigo.be\/fr\/sustainera-distrigo-a-lere-de-leconomie-circulaire\/\" \/>\n<meta property=\"og:site_name\" content=\"MyDistrigo\" \/>\n<meta property=\"article:published_time\" content=\"2023-07-26T10:14:00+00:00\" \/>\n<meta property=\"article:modified_time\" content=\"2025-12-24T10:15:20+00:00\" \/>\n<meta name=\"author\" content=\"EpamOlivier\" \/>\n<meta name=\"twitter:card\" content=\"summary_large_image\" \/>\n<meta name=\"twitter:label1\" content=\"\u00c9crit par\" \/>\n\t<meta name=\"twitter:data1\" content=\"EpamOlivier\" \/>\n\t<meta name=\"twitter:label2\" content=\"Dur\u00e9e de lecture estim\u00e9e\" \/>\n\t<meta name=\"twitter:data2\" content=\"3 minutes\" \/>\n<script type=\"application\/ld+json\" class=\"yoast-schema-graph\">{\"@context\":\"https:\\\/\\\/schema.org\",\"@graph\":[{\"@type\":\"Article\",\"@id\":\"https:\\\/\\\/www.mydistrigo.be\\\/fr\\\/sustainera-distrigo-a-lere-de-leconomie-circulaire\\\/#article\",\"isPartOf\":{\"@id\":\"https:\\\/\\\/www.mydistrigo.be\\\/fr\\\/sustainera-distrigo-a-lere-de-leconomie-circulaire\\\/\"},\"author\":{\"name\":\"EpamOlivier\",\"@id\":\"https:\\\/\\\/www.mydistrigo.be\\\/fr\\\/#\\\/schema\\\/person\\\/b89d951a23c8ca75dca3377593bd7f61\"},\"headline\":\"SUSTAINera : DISTRIGO \u00e0 l\u2019\u00e8re de l\u2019\u00e9conomie circulaire\",\"datePublished\":\"2023-07-26T10:14:00+00:00\",\"dateModified\":\"2025-12-24T10:15:20+00:00\",\"mainEntityOfPage\":{\"@id\":\"https:\\\/\\\/www.mydistrigo.be\\\/fr\\\/sustainera-distrigo-a-lere-de-leconomie-circulaire\\\/\"},\"wordCount\":672,\"commentCount\":0,\"publisher\":{\"@id\":\"https:\\\/\\\/www.mydistrigo.be\\\/fr\\\/#organization\"},\"articleSection\":[\"Non classifi\u00e9(e)\"],\"inLanguage\":\"fr-FR\",\"potentialAction\":[{\"@type\":\"CommentAction\",\"name\":\"Comment\",\"target\":[\"https:\\\/\\\/www.mydistrigo.be\\\/fr\\\/sustainera-distrigo-a-lere-de-leconomie-circulaire\\\/#respond\"]}]},{\"@type\":\"WebPage\",\"@id\":\"https:\\\/\\\/www.mydistrigo.be\\\/fr\\\/sustainera-distrigo-a-lere-de-leconomie-circulaire\\\/\",\"url\":\"https:\\\/\\\/www.mydistrigo.be\\\/fr\\\/sustainera-distrigo-a-lere-de-leconomie-circulaire\\\/\",\"name\":\"Sustainera L'\u00e9conomie Circulaire Chez Stellantis | DISTRIGO\",\"isPartOf\":{\"@id\":\"https:\\\/\\\/www.mydistrigo.be\\\/fr\\\/#website\"},\"datePublished\":\"2023-07-26T10:14:00+00:00\",\"dateModified\":\"2025-12-24T10:15:20+00:00\",\"description\":\"Sustainera L'\u00e9conomie Circulaire En Action Chez Stellantis. D\u00e9couvrez nos solutions et produits associ\u00e9s chez DISTRIGO pour les professionnels de l\u2019automobile.\",\"breadcrumb\":{\"@id\":\"https:\\\/\\\/www.mydistrigo.be\\\/fr\\\/sustainera-distrigo-a-lere-de-leconomie-circulaire\\\/#breadcrumb\"},\"inLanguage\":\"fr-FR\",\"potentialAction\":[{\"@type\":\"ReadAction\",\"target\":[\"https:\\\/\\\/www.mydistrigo.be\\\/fr\\\/sustainera-distrigo-a-lere-de-leconomie-circulaire\\\/\"]}]},{\"@type\":\"BreadcrumbList\",\"@id\":\"https:\\\/\\\/www.mydistrigo.be\\\/fr\\\/sustainera-distrigo-a-lere-de-leconomie-circulaire\\\/#breadcrumb\",\"itemListElement\":[{\"@type\":\"ListItem\",\"position\":1,\"name\":\"Home\",\"item\":\"https:\\\/\\\/www.mydistrigo.be\\\/fr\\\/\"},{\"@type\":\"ListItem\",\"position\":2,\"name\":\"SUSTAINera : DISTRIGO \u00e0 l\u2019\u00e8re de l\u2019\u00e9conomie circulaire\"}]},{\"@type\":\"WebSite\",\"@id\":\"https:\\\/\\\/www.mydistrigo.be\\\/fr\\\/#website\",\"url\":\"https:\\\/\\\/www.mydistrigo.be\\\/fr\\\/\",\"name\":\"MyDistrigo\",\"description\":\"DISTRIGO vous offre bien plus que des pi\u00e8ces de rechange.  Nous vous proposons un soutien quotidien et des solutions sur mesure pour r\u00e9pondre \u00e0 tous vos besoins, voire les anticiper. Nous souhaitons faire de vos objectifs NOS objectifs, et travailler en v\u00e9ritables co\u00e9quipiers pour avancer ensemble, dans la m\u00eame direction\",\"publisher\":{\"@id\":\"https:\\\/\\\/www.mydistrigo.be\\\/fr\\\/#organization\"},\"potentialAction\":[{\"@type\":\"SearchAction\",\"target\":{\"@type\":\"EntryPoint\",\"urlTemplate\":\"https:\\\/\\\/www.mydistrigo.be\\\/fr\\\/?s={search_term_string}\"},\"query-input\":{\"@type\":\"PropertyValueSpecification\",\"valueRequired\":true,\"valueName\":\"search_term_string\"}}],\"inLanguage\":\"fr-FR\"},{\"@type\":\"Organization\",\"@id\":\"https:\\\/\\\/www.mydistrigo.be\\\/fr\\\/#organization\",\"name\":\"PSA- Distrigo\",\"url\":\"https:\\\/\\\/www.mydistrigo.be\\\/fr\\\/\",\"logo\":{\"@type\":\"ImageObject\",\"inLanguage\":\"fr-FR\",\"@id\":\"https:\\\/\\\/www.mydistrigo.be\\\/fr\\\/#\\\/schema\\\/logo\\\/image\\\/\",\"url\":\"https:\\\/\\\/www.mydistrigo.be\\\/wp-content\\\/uploads\\\/2023\\\/06\\\/logo-noir.png\",\"contentUrl\":\"https:\\\/\\\/www.mydistrigo.be\\\/wp-content\\\/uploads\\\/2023\\\/06\\\/logo-noir.png\",\"width\":314,\"height\":90,\"caption\":\"PSA- Distrigo\"},\"image\":{\"@id\":\"https:\\\/\\\/www.mydistrigo.be\\\/fr\\\/#\\\/schema\\\/logo\\\/image\\\/\"},\"sameAs\":[\"https:\\\/\\\/www.linkedin.com\\\/company\\\/distrigo-belux\\\/about\\\/\"]},{\"@type\":\"Person\",\"@id\":\"https:\\\/\\\/www.mydistrigo.be\\\/fr\\\/#\\\/schema\\\/person\\\/b89d951a23c8ca75dca3377593bd7f61\",\"name\":\"EpamOlivier\",\"image\":{\"@type\":\"ImageObject\",\"inLanguage\":\"fr-FR\",\"@id\":\"https:\\\/\\\/secure.gravatar.com\\\/avatar\\\/ee94fe607c5577bbca6aaa10fcec520aa3994ee215e5acd39dc6f566c4f53c6b?s=96&d=mm&r=g\",\"url\":\"https:\\\/\\\/secure.gravatar.com\\\/avatar\\\/ee94fe607c5577bbca6aaa10fcec520aa3994ee215e5acd39dc6f566c4f53c6b?s=96&d=mm&r=g\",\"contentUrl\":\"https:\\\/\\\/secure.gravatar.com\\\/avatar\\\/ee94fe607c5577bbca6aaa10fcec520aa3994ee215e5acd39dc6f566c4f53c6b?s=96&d=mm&r=g\",\"caption\":\"EpamOlivier\"},\"url\":\"https:\\\/\\\/www.mydistrigo.be\\\/fr\\\/author\\\/epamolivier\\\/\"}]}<\/script>\n<!-- \/ Yoast SEO plugin. -->","yoast_head_json":{"title":"Sustainera L'\u00e9conomie Circulaire Chez Stellantis | DISTRIGO","description":"Sustainera L'\u00e9conomie Circulaire En Action Chez Stellantis. D\u00e9couvrez nos solutions et produits associ\u00e9s chez DISTRIGO pour les professionnels de l\u2019automobile.","robots":{"index":"index","follow":"follow","max-snippet":"max-snippet:-1","max-image-preview":"max-image-preview:large","max-video-preview":"max-video-preview:-1"},"canonical":"https:\/\/www.mydistrigo.be\/fr\/sustainera-distrigo-a-lere-de-leconomie-circulaire\/","og_locale":"fr_FR","og_type":"article","og_title":"Sustainera L'\u00e9conomie Circulaire Chez Stellantis | DISTRIGO","og_description":"Sustainera L'\u00e9conomie Circulaire En Action Chez Stellantis. D\u00e9couvrez nos solutions et produits associ\u00e9s chez DISTRIGO pour les professionnels de l\u2019automobile.","og_url":"https:\/\/www.mydistrigo.be\/fr\/sustainera-distrigo-a-lere-de-leconomie-circulaire\/","og_site_name":"MyDistrigo","article_published_time":"2023-07-26T10:14:00+00:00","article_modified_time":"2025-12-24T10:15:20+00:00","author":"EpamOlivier","twitter_card":"summary_large_image","twitter_misc":{"\u00c9crit par":"EpamOlivier","Dur\u00e9e de lecture estim\u00e9e":"3 minutes"},"schema":{"@context":"https:\/\/schema.org","@graph":[{"@type":"Article","@id":"https:\/\/www.mydistrigo.be\/fr\/sustainera-distrigo-a-lere-de-leconomie-circulaire\/#article","isPartOf":{"@id":"https:\/\/www.mydistrigo.be\/fr\/sustainera-distrigo-a-lere-de-leconomie-circulaire\/"},"author":{"name":"EpamOlivier","@id":"https:\/\/www.mydistrigo.be\/fr\/#\/schema\/person\/b89d951a23c8ca75dca3377593bd7f61"},"headline":"SUSTAINera : DISTRIGO \u00e0 l\u2019\u00e8re de l\u2019\u00e9conomie circulaire","datePublished":"2023-07-26T10:14:00+00:00","dateModified":"2025-12-24T10:15:20+00:00","mainEntityOfPage":{"@id":"https:\/\/www.mydistrigo.be\/fr\/sustainera-distrigo-a-lere-de-leconomie-circulaire\/"},"wordCount":672,"commentCount":0,"publisher":{"@id":"https:\/\/www.mydistrigo.be\/fr\/#organization"},"articleSection":["Non classifi\u00e9(e)"],"inLanguage":"fr-FR","potentialAction":[{"@type":"CommentAction","name":"Comment","target":["https:\/\/www.mydistrigo.be\/fr\/sustainera-distrigo-a-lere-de-leconomie-circulaire\/#respond"]}]},{"@type":"WebPage","@id":"https:\/\/www.mydistrigo.be\/fr\/sustainera-distrigo-a-lere-de-leconomie-circulaire\/","url":"https:\/\/www.mydistrigo.be\/fr\/sustainera-distrigo-a-lere-de-leconomie-circulaire\/","name":"Sustainera L'\u00e9conomie Circulaire Chez Stellantis | DISTRIGO","isPartOf":{"@id":"https:\/\/www.mydistrigo.be\/fr\/#website"},"datePublished":"2023-07-26T10:14:00+00:00","dateModified":"2025-12-24T10:15:20+00:00","description":"Sustainera L'\u00e9conomie Circulaire En Action Chez Stellantis. D\u00e9couvrez nos solutions et produits associ\u00e9s chez DISTRIGO pour les professionnels de l\u2019automobile.","breadcrumb":{"@id":"https:\/\/www.mydistrigo.be\/fr\/sustainera-distrigo-a-lere-de-leconomie-circulaire\/#breadcrumb"},"inLanguage":"fr-FR","potentialAction":[{"@type":"ReadAction","target":["https:\/\/www.mydistrigo.be\/fr\/sustainera-distrigo-a-lere-de-leconomie-circulaire\/"]}]},{"@type":"BreadcrumbList","@id":"https:\/\/www.mydistrigo.be\/fr\/sustainera-distrigo-a-lere-de-leconomie-circulaire\/#breadcrumb","itemListElement":[{"@type":"ListItem","position":1,"name":"Home","item":"https:\/\/www.mydistrigo.be\/fr\/"},{"@type":"ListItem","position":2,"name":"SUSTAINera : DISTRIGO \u00e0 l\u2019\u00e8re de l\u2019\u00e9conomie circulaire"}]},{"@type":"WebSite","@id":"https:\/\/www.mydistrigo.be\/fr\/#website","url":"https:\/\/www.mydistrigo.be\/fr\/","name":"MyDistrigo","description":"DISTRIGO vous offre bien plus que des pi\u00e8ces de rechange.  Nous vous proposons un soutien quotidien et des solutions sur mesure pour r\u00e9pondre \u00e0 tous vos besoins, voire les anticiper. Nous souhaitons faire de vos objectifs NOS objectifs, et travailler en v\u00e9ritables co\u00e9quipiers pour avancer ensemble, dans la m\u00eame direction","publisher":{"@id":"https:\/\/www.mydistrigo.be\/fr\/#organization"},"potentialAction":[{"@type":"SearchAction","target":{"@type":"EntryPoint","urlTemplate":"https:\/\/www.mydistrigo.be\/fr\/?s={search_term_string}"},"query-input":{"@type":"PropertyValueSpecification","valueRequired":true,"valueName":"search_term_string"}}],"inLanguage":"fr-FR"},{"@type":"Organization","@id":"https:\/\/www.mydistrigo.be\/fr\/#organization","name":"PSA- Distrigo","url":"https:\/\/www.mydistrigo.be\/fr\/","logo":{"@type":"ImageObject","inLanguage":"fr-FR","@id":"https:\/\/www.mydistrigo.be\/fr\/#\/schema\/logo\/image\/","url":"https:\/\/www.mydistrigo.be\/wp-content\/uploads\/2023\/06\/logo-noir.png","contentUrl":"https:\/\/www.mydistrigo.be\/wp-content\/uploads\/2023\/06\/logo-noir.png","width":314,"height":90,"caption":"PSA- Distrigo"},"image":{"@id":"https:\/\/www.mydistrigo.be\/fr\/#\/schema\/logo\/image\/"},"sameAs":["https:\/\/www.linkedin.com\/company\/distrigo-belux\/about\/"]},{"@type":"Person","@id":"https:\/\/www.mydistrigo.be\/fr\/#\/schema\/person\/b89d951a23c8ca75dca3377593bd7f61","name":"EpamOlivier","image":{"@type":"ImageObject","inLanguage":"fr-FR","@id":"https:\/\/secure.gravatar.com\/avatar\/ee94fe607c5577bbca6aaa10fcec520aa3994ee215e5acd39dc6f566c4f53c6b?s=96&d=mm&r=g","url":"https:\/\/secure.gravatar.com\/avatar\/ee94fe607c5577bbca6aaa10fcec520aa3994ee215e5acd39dc6f566c4f53c6b?s=96&d=mm&r=g","contentUrl":"https:\/\/secure.gravatar.com\/avatar\/ee94fe607c5577bbca6aaa10fcec520aa3994ee215e5acd39dc6f566c4f53c6b?s=96&d=mm&r=g","caption":"EpamOlivier"},"url":"https:\/\/www.mydistrigo.be\/fr\/author\/epamolivier\/"}]}},"_links":{"self":[{"href":"https:\/\/www.mydistrigo.be\/fr\/wp-json\/wp\/v2\/posts\/121","targetHints":{"allow":["GET"]}}],"collection":[{"href":"https:\/\/www.mydistrigo.be\/fr\/wp-json\/wp\/v2\/posts"}],"about":[{"href":"https:\/\/www.mydistrigo.be\/fr\/wp-json\/wp\/v2\/types\/post"}],"author":[{"embeddable":true,"href":"https:\/\/www.mydistrigo.be\/fr\/wp-json\/wp\/v2\/users\/2"}],"replies":[{"embeddable":true,"href":"https:\/\/www.mydistrigo.be\/fr\/wp-json\/wp\/v2\/comments?post=121"}],"version-history":[{"count":22,"href":"https:\/\/www.mydistrigo.be\/fr\/wp-json\/wp\/v2\/posts\/121\/revisions"}],"predecessor-version":[{"id":377,"href":"https:\/\/www.mydistrigo.be\/fr\/wp-json\/wp\/v2\/posts\/121\/revisions\/377"}],"wp:attachment":[{"href":"https:\/\/www.mydistrigo.be\/fr\/wp-json\/wp\/v2\/media?parent=121"}],"wp:term":[{"taxonomy":"category","embeddable":true,"href":"https:\/\/www.mydistrigo.be\/fr\/wp-json\/wp\/v2\/categories?post=121"},{"taxonomy":"post_tag","embeddable":true,"href":"https:\/\/www.mydistrigo.be\/fr\/wp-json\/wp\/v2\/tags?post=121"}],"curies":[{"name":"wp","href":"https:\/\/api.w.org\/{rel}","templated":true}]}}