{"id":1196,"date":"2025-03-27T08:44:38","date_gmt":"2025-03-27T08:44:38","guid":{"rendered":"https:\/\/www.mydistrigo.be\/?p=1196"},"modified":"2025-12-11T10:12:59","modified_gmt":"2025-12-11T10:12:59","slug":"sustainera-leconomie-circulaire-en-action-chez-stellantis","status":"publish","type":"post","link":"https:\/\/www.mydistrigo.be\/fr\/sustainera-leconomie-circulaire-en-action-chez-stellantis\/","title":{"rendered":"SUSTAINERA : L&rsquo;\u00e9conomie circulaire en action chez DISTRIGO"},"content":{"rendered":"<ul>\n<li style=\"margin-bottom:15px;><strong>Premier anniversaire\u00a0: 10\u00a0000\u00a0moteurs, 10\u00a0000\u00a0bo\u00eetes de vitesse et 1\u00a0000\u00a0batteries remanufactur\u00e9s, 5\u00a0000\u00a0v\u00e9hicules reconditionn\u00e9s et 1,8\u00a0million de composants trait\u00e9s<\/strong><\/li>\n<li style=\"margin-bottom:15px;><strong>Le site emploie actuellement pr\u00e8s de 500\u00a0salari\u00e9s qualifi\u00e9s, avec un an d\u2019avance sur les pr\u00e9visions, tr\u00e8s proche de l\u2019objectif de 550\u00a0collaborateurs en\u00a02025<\/strong><\/li>\n<li><strong>Le Hub d\u2019\u00e9conomie circulaire SUSTAINera contribue aux objectifs de d\u00e9carbonisation de Stellantis ainsi qu\u2019au plan strat\u00e9gique Dare Forward 2030, ouvrant ainsi un nouveau chapitre pour le site de Mirafiori<\/strong><\/li>\n<\/ul>\n<p>Stellantis c\u00e9l\u00e8bre la premi\u00e8re ann\u00e9e d\u2019activit\u00e9 de SUSTAINera, son Hub d\u2019\u00e9conomie circulaire de pointe bas\u00e9 sur le site de Mirafiori, \u00e0 Turin.<\/p>\n<p><em>En combinant d\u00e9veloppement \u00e9conomique et durabilit\u00e9, l\u2019activit\u00e9 \u00c9conomie circulaire joue un r\u00f4le cl\u00e9 dans l\u2019objectif de Stellantis de devenir une entreprise neutre en carbone d\u2019ici 2038.<\/em><\/p>\n<p><a class=\"btn btn-primary btn-icon-arrow\" href=\"https:\/\/www.sustainera.com\/fr\/\" target=\"_blank\" rel=\"noopener\">D\u00e9couvrir la gamme SUSTAIN<span style=\"text-transform: lowercase;\">era<\/span><\/a><\/p>\n<hr style=\"border-top-color: #aaaaaa;\" \/>\n<p>D\u00e9velopp\u00e9 dans le but principal de prolonger la dur\u00e9e de vie des pi\u00e8ces d\u00e9tach\u00e9es et des v\u00e9hicules en appliquant la strat\u00e9gie des 4R \u00e0 l\u2019\u00e9chelle industrielle\u00a0\u2013\u00a0Reman, Repair, Reuse, Recycle (Remanufacture, R\u00e9paration, R\u00e9emploi, Recyclage)\u00a0\u2013\u00a0le Hub d\u2019\u00e9conomie circulaire de pointe a franchi plusieurs \u00e9tapes importantes en seulement 12\u00a0mois d\u2019activit\u00e9\u00a0:<\/p>\n<ul>\n<li>10\u00a0000\u00a0moteurs, 10\u00a0000\u00a0bo\u00eetes de vitesse et 1\u00a0000\u00a0batteries \u00e9lectriques remanufactur\u00e9s conform\u00e9ment aux sp\u00e9cifications d\u2019origine de Stellantis, afin d\u2019offrir les m\u00eames performances et les m\u00eames garanties que les pi\u00e8ces d\u00e9tach\u00e9es MOPAR d\u2019origine<\/li>\n<li>5\u00a0000\u00a0v\u00e9hicules reconditionn\u00e9s<\/li>\n<li>1,8\u00a0million de composants trait\u00e9s en centre de tri, destin\u00e9s aux activit\u00e9s de remanufacture du Hub ou d\u2019autres fournisseurs, ou envoy\u00e9s au r\u00e9seau de recyclage de Stellantis.<\/li>\n<\/ul>\n<p>Les pi\u00e8ces remanufactur\u00e9es int\u00e8grent la gamme SUSTAINera, qui est l\u2019alternative durable au sein de l\u2019offre apr\u00e8s-vente compl\u00e8te de Stellantis, visant \u00e0 fournir aux clients (automobilistes, professionnels de l\u2019entretien et de la r\u00e9paration) des produits et services abordables sans compromettre la qualit\u00e9, tout en pr\u00e9servant l\u2019environnement gr\u00e2ce \u00e0 la r\u00e9duction des d\u00e9chets et de l\u2019utilisation des ressources naturelles de la plan\u00e8te.<\/p>\n<hr style=\"border-top-color: #aaaaaa;\" \/>\n<p>Cet innovant Hub d\u2019\u00e9conomie circulaire occupe une superficie de 73\u00a0000\u00a0m\u00b2, dont 55\u00a0000\u00a0m\u00b2 r\u00e9cup\u00e9r\u00e9s gr\u00e2ce \u00e0 la r\u00e9affectation d\u2019une installation partiellement inutilis\u00e9e.\u00a0 Le site emploie actuellement pr\u00e8s de 500\u00a0salari\u00e9s qualifi\u00e9s, ce qui, avec un an d\u2019avance sur les pr\u00e9visions, est tr\u00e8s proche de l\u2019objectif original de 550\u00a0collaborateurs en\u00a02025.<\/p>\n<p>Ce mod\u00e8le g\u00e9n\u00e8re des gains de productivit\u00e9, des synergies entre les activit\u00e9s ainsi que l\u2019int\u00e9gration verticale des mat\u00e9riaux et des processus. Il repr\u00e9sente un exemple concret de l\u2019engagement de Stellantis en faveur de la durabilit\u00e9, et marque le d\u00e9but d\u2019un nouveau chapitre pour le site de Mirafiori.<\/p>\n<p><a class=\"btn btn-primary btn-icon-arrow\" href=\"https:\/\/www.sustainera.com\/fr\/\" target=\"_blank\" rel=\"noopener\">D\u00e9couvrir la gamme SUSTAIN<span style=\"text-transform: lowercase;\">era<\/span><\/a><\/p>\n","protected":false},"excerpt":{"rendered":"Le site emploie actuellement pr\u00e8s de 500\u00a0salari\u00e9s qualifi\u00e9s, avec un an d\u2019avance sur les pr\u00e9visions, tr\u00e8s proche de l\u2019objectif de 550\u00a0collaborateurs en\u00a02025 Le Hub d\u2019\u00e9conomie circulaire SUSTAINera contribue aux objectifs de d\u00e9carbonisation de Stellantis ainsi qu\u2019au plan strat\u00e9gique Dare Forward 2030, ouvrant ainsi un nouveau chapitre pour le site de Mirafiori Stellantis c\u00e9l\u00e8bre la premi\u00e8re (&#8230;)","protected":false},"author":2,"featured_media":1202,"comment_status":"open","ping_status":"open","sticky":false,"template":"","format":"standard","meta":{"_acf_changed":false,"footnotes":""},"categories":[1],"tags":[],"class_list":["post-1196","post","type-post","status-publish","format-standard","has-post-thumbnail","hentry","category-non-classifiee"],"acf":[],"yoast_head":"<!-- This site is optimized with the Yoast SEO plugin v27.5 - https:\/\/yoast.com\/product\/yoast-seo-wordpress\/ -->\n<title>Notre actualit\u00e9 \u2013 Solutions professionnelles | DISTRIGO<\/title>\n<meta name=\"description\" content=\"Suivez les nouveaut\u00e9s, lancements produits et promotions de DISTRIGO pour les professionnels de l\u2019automobile \u2013 Solutions et pi\u00e8ces adapt\u00e9es aux professionnels.\" \/>\n<meta name=\"robots\" content=\"index, follow, max-snippet:-1, max-image-preview:large, max-video-preview:-1\" \/>\n<link rel=\"canonical\" href=\"https:\/\/www.mydistrigo.be\/fr\/sustainera-leconomie-circulaire-en-action-chez-stellantis\/\" \/>\n<meta property=\"og:locale\" content=\"fr_FR\" \/>\n<meta property=\"og:type\" content=\"article\" \/>\n<meta property=\"og:title\" content=\"Notre actualit\u00e9 \u2013 Solutions professionnelles | DISTRIGO\" \/>\n<meta property=\"og:description\" content=\"Suivez les nouveaut\u00e9s, lancements produits et promotions de DISTRIGO pour les professionnels de l\u2019automobile \u2013 Solutions et pi\u00e8ces adapt\u00e9es aux professionnels.\" \/>\n<meta property=\"og:url\" content=\"https:\/\/www.mydistrigo.be\/fr\/sustainera-leconomie-circulaire-en-action-chez-stellantis\/\" \/>\n<meta property=\"og:site_name\" content=\"MyDistrigo\" \/>\n<meta property=\"article:published_time\" content=\"2025-03-27T08:44:38+00:00\" \/>\n<meta property=\"article:modified_time\" content=\"2025-12-11T10:12:59+00:00\" \/>\n<meta property=\"og:image\" content=\"https:\/\/www.mydistrigo.be\/wp-content\/uploads\/2025\/03\/ader-sustaine.png\" \/>\n\t<meta property=\"og:image:width\" content=\"900\" \/>\n\t<meta property=\"og:image:height\" content=\"375\" \/>\n\t<meta property=\"og:image:type\" content=\"image\/png\" \/>\n<meta name=\"author\" content=\"EpamOlivier\" \/>\n<meta name=\"twitter:card\" content=\"summary_large_image\" \/>\n<meta name=\"twitter:label1\" content=\"\u00c9crit par\" \/>\n\t<meta name=\"twitter:data1\" content=\"EpamOlivier\" \/>\n\t<meta name=\"twitter:label2\" content=\"Dur\u00e9e de lecture estim\u00e9e\" \/>\n\t<meta name=\"twitter:data2\" content=\"3 minutes\" \/>\n<script type=\"application\/ld+json\" class=\"yoast-schema-graph\">{\"@context\":\"https:\\\/\\\/schema.org\",\"@graph\":[{\"@type\":\"Article\",\"@id\":\"https:\\\/\\\/www.mydistrigo.be\\\/fr\\\/sustainera-leconomie-circulaire-en-action-chez-stellantis\\\/#article\",\"isPartOf\":{\"@id\":\"https:\\\/\\\/www.mydistrigo.be\\\/fr\\\/sustainera-leconomie-circulaire-en-action-chez-stellantis\\\/\"},\"author\":{\"name\":\"EpamOlivier\",\"@id\":\"https:\\\/\\\/www.mydistrigo.be\\\/fr\\\/#\\\/schema\\\/person\\\/b89d951a23c8ca75dca3377593bd7f61\"},\"headline\":\"SUSTAINERA : L&rsquo;\u00e9conomie circulaire en action chez DISTRIGO\",\"datePublished\":\"2025-03-27T08:44:38+00:00\",\"dateModified\":\"2025-12-11T10:12:59+00:00\",\"mainEntityOfPage\":{\"@id\":\"https:\\\/\\\/www.mydistrigo.be\\\/fr\\\/sustainera-leconomie-circulaire-en-action-chez-stellantis\\\/\"},\"wordCount\":466,\"commentCount\":0,\"publisher\":{\"@id\":\"https:\\\/\\\/www.mydistrigo.be\\\/fr\\\/#organization\"},\"image\":{\"@id\":\"https:\\\/\\\/www.mydistrigo.be\\\/fr\\\/sustainera-leconomie-circulaire-en-action-chez-stellantis\\\/#primaryimage\"},\"thumbnailUrl\":\"https:\\\/\\\/www.mydistrigo.be\\\/wp-content\\\/uploads\\\/2025\\\/03\\\/ader-sustaine.png\",\"articleSection\":[\"Non classifi\u00e9(e)\"],\"inLanguage\":\"fr-FR\",\"potentialAction\":[{\"@type\":\"CommentAction\",\"name\":\"Comment\",\"target\":[\"https:\\\/\\\/www.mydistrigo.be\\\/fr\\\/sustainera-leconomie-circulaire-en-action-chez-stellantis\\\/#respond\"]}]},{\"@type\":\"WebPage\",\"@id\":\"https:\\\/\\\/www.mydistrigo.be\\\/fr\\\/sustainera-leconomie-circulaire-en-action-chez-stellantis\\\/\",\"url\":\"https:\\\/\\\/www.mydistrigo.be\\\/fr\\\/sustainera-leconomie-circulaire-en-action-chez-stellantis\\\/\",\"name\":\"Notre actualit\u00e9 \u2013 Solutions professionnelles | DISTRIGO\",\"isPartOf\":{\"@id\":\"https:\\\/\\\/www.mydistrigo.be\\\/fr\\\/#website\"},\"primaryImageOfPage\":{\"@id\":\"https:\\\/\\\/www.mydistrigo.be\\\/fr\\\/sustainera-leconomie-circulaire-en-action-chez-stellantis\\\/#primaryimage\"},\"image\":{\"@id\":\"https:\\\/\\\/www.mydistrigo.be\\\/fr\\\/sustainera-leconomie-circulaire-en-action-chez-stellantis\\\/#primaryimage\"},\"thumbnailUrl\":\"https:\\\/\\\/www.mydistrigo.be\\\/wp-content\\\/uploads\\\/2025\\\/03\\\/ader-sustaine.png\",\"datePublished\":\"2025-03-27T08:44:38+00:00\",\"dateModified\":\"2025-12-11T10:12:59+00:00\",\"description\":\"Suivez les nouveaut\u00e9s, lancements produits et promotions de DISTRIGO pour les professionnels de l\u2019automobile \u2013 Solutions et pi\u00e8ces adapt\u00e9es aux professionnels.\",\"breadcrumb\":{\"@id\":\"https:\\\/\\\/www.mydistrigo.be\\\/fr\\\/sustainera-leconomie-circulaire-en-action-chez-stellantis\\\/#breadcrumb\"},\"inLanguage\":\"fr-FR\",\"potentialAction\":[{\"@type\":\"ReadAction\",\"target\":[\"https:\\\/\\\/www.mydistrigo.be\\\/fr\\\/sustainera-leconomie-circulaire-en-action-chez-stellantis\\\/\"]}]},{\"@type\":\"ImageObject\",\"inLanguage\":\"fr-FR\",\"@id\":\"https:\\\/\\\/www.mydistrigo.be\\\/fr\\\/sustainera-leconomie-circulaire-en-action-chez-stellantis\\\/#primaryimage\",\"url\":\"https:\\\/\\\/www.mydistrigo.be\\\/wp-content\\\/uploads\\\/2025\\\/03\\\/ader-sustaine.png\",\"contentUrl\":\"https:\\\/\\\/www.mydistrigo.be\\\/wp-content\\\/uploads\\\/2025\\\/03\\\/ader-sustaine.png\",\"width\":900,\"height\":375},{\"@type\":\"BreadcrumbList\",\"@id\":\"https:\\\/\\\/www.mydistrigo.be\\\/fr\\\/sustainera-leconomie-circulaire-en-action-chez-stellantis\\\/#breadcrumb\",\"itemListElement\":[{\"@type\":\"ListItem\",\"position\":1,\"name\":\"Home\",\"item\":\"https:\\\/\\\/www.mydistrigo.be\\\/fr\\\/\"},{\"@type\":\"ListItem\",\"position\":2,\"name\":\"SUSTAINERA : L&rsquo;\u00e9conomie circulaire en action chez DISTRIGO\"}]},{\"@type\":\"WebSite\",\"@id\":\"https:\\\/\\\/www.mydistrigo.be\\\/fr\\\/#website\",\"url\":\"https:\\\/\\\/www.mydistrigo.be\\\/fr\\\/\",\"name\":\"MyDistrigo\",\"description\":\"DISTRIGO vous offre bien plus que des pi\u00e8ces de rechange.  Nous vous proposons un soutien quotidien et des solutions sur mesure pour r\u00e9pondre \u00e0 tous vos besoins, voire les anticiper. Nous souhaitons faire de vos objectifs NOS objectifs, et travailler en v\u00e9ritables co\u00e9quipiers pour avancer ensemble, dans la m\u00eame direction\",\"publisher\":{\"@id\":\"https:\\\/\\\/www.mydistrigo.be\\\/fr\\\/#organization\"},\"potentialAction\":[{\"@type\":\"SearchAction\",\"target\":{\"@type\":\"EntryPoint\",\"urlTemplate\":\"https:\\\/\\\/www.mydistrigo.be\\\/fr\\\/?s={search_term_string}\"},\"query-input\":{\"@type\":\"PropertyValueSpecification\",\"valueRequired\":true,\"valueName\":\"search_term_string\"}}],\"inLanguage\":\"fr-FR\"},{\"@type\":\"Organization\",\"@id\":\"https:\\\/\\\/www.mydistrigo.be\\\/fr\\\/#organization\",\"name\":\"PSA- Distrigo\",\"url\":\"https:\\\/\\\/www.mydistrigo.be\\\/fr\\\/\",\"logo\":{\"@type\":\"ImageObject\",\"inLanguage\":\"fr-FR\",\"@id\":\"https:\\\/\\\/www.mydistrigo.be\\\/fr\\\/#\\\/schema\\\/logo\\\/image\\\/\",\"url\":\"https:\\\/\\\/www.mydistrigo.be\\\/wp-content\\\/uploads\\\/2023\\\/06\\\/logo-noir.png\",\"contentUrl\":\"https:\\\/\\\/www.mydistrigo.be\\\/wp-content\\\/uploads\\\/2023\\\/06\\\/logo-noir.png\",\"width\":314,\"height\":90,\"caption\":\"PSA- Distrigo\"},\"image\":{\"@id\":\"https:\\\/\\\/www.mydistrigo.be\\\/fr\\\/#\\\/schema\\\/logo\\\/image\\\/\"},\"sameAs\":[\"https:\\\/\\\/www.linkedin.com\\\/company\\\/distrigo-belux\\\/about\\\/\"]},{\"@type\":\"Person\",\"@id\":\"https:\\\/\\\/www.mydistrigo.be\\\/fr\\\/#\\\/schema\\\/person\\\/b89d951a23c8ca75dca3377593bd7f61\",\"name\":\"EpamOlivier\",\"image\":{\"@type\":\"ImageObject\",\"inLanguage\":\"fr-FR\",\"@id\":\"https:\\\/\\\/secure.gravatar.com\\\/avatar\\\/ee94fe607c5577bbca6aaa10fcec520aa3994ee215e5acd39dc6f566c4f53c6b?s=96&d=mm&r=g\",\"url\":\"https:\\\/\\\/secure.gravatar.com\\\/avatar\\\/ee94fe607c5577bbca6aaa10fcec520aa3994ee215e5acd39dc6f566c4f53c6b?s=96&d=mm&r=g\",\"contentUrl\":\"https:\\\/\\\/secure.gravatar.com\\\/avatar\\\/ee94fe607c5577bbca6aaa10fcec520aa3994ee215e5acd39dc6f566c4f53c6b?s=96&d=mm&r=g\",\"caption\":\"EpamOlivier\"},\"url\":\"https:\\\/\\\/www.mydistrigo.be\\\/fr\\\/author\\\/epamolivier\\\/\"}]}<\/script>\n<!-- \/ Yoast SEO plugin. -->","yoast_head_json":{"title":"Notre actualit\u00e9 \u2013 Solutions professionnelles | DISTRIGO","description":"Suivez les nouveaut\u00e9s, lancements produits et promotions de DISTRIGO pour les professionnels de l\u2019automobile \u2013 Solutions et pi\u00e8ces adapt\u00e9es aux professionnels.","robots":{"index":"index","follow":"follow","max-snippet":"max-snippet:-1","max-image-preview":"max-image-preview:large","max-video-preview":"max-video-preview:-1"},"canonical":"https:\/\/www.mydistrigo.be\/fr\/sustainera-leconomie-circulaire-en-action-chez-stellantis\/","og_locale":"fr_FR","og_type":"article","og_title":"Notre actualit\u00e9 \u2013 Solutions professionnelles | DISTRIGO","og_description":"Suivez les nouveaut\u00e9s, lancements produits et promotions de DISTRIGO pour les professionnels de l\u2019automobile \u2013 Solutions et pi\u00e8ces adapt\u00e9es aux professionnels.","og_url":"https:\/\/www.mydistrigo.be\/fr\/sustainera-leconomie-circulaire-en-action-chez-stellantis\/","og_site_name":"MyDistrigo","article_published_time":"2025-03-27T08:44:38+00:00","article_modified_time":"2025-12-11T10:12:59+00:00","og_image":[{"width":900,"height":375,"url":"https:\/\/www.mydistrigo.be\/wp-content\/uploads\/2025\/03\/ader-sustaine.png","type":"image\/png"}],"author":"EpamOlivier","twitter_card":"summary_large_image","twitter_misc":{"\u00c9crit par":"EpamOlivier","Dur\u00e9e de lecture estim\u00e9e":"3 minutes"},"schema":{"@context":"https:\/\/schema.org","@graph":[{"@type":"Article","@id":"https:\/\/www.mydistrigo.be\/fr\/sustainera-leconomie-circulaire-en-action-chez-stellantis\/#article","isPartOf":{"@id":"https:\/\/www.mydistrigo.be\/fr\/sustainera-leconomie-circulaire-en-action-chez-stellantis\/"},"author":{"name":"EpamOlivier","@id":"https:\/\/www.mydistrigo.be\/fr\/#\/schema\/person\/b89d951a23c8ca75dca3377593bd7f61"},"headline":"SUSTAINERA : L&rsquo;\u00e9conomie circulaire en action chez DISTRIGO","datePublished":"2025-03-27T08:44:38+00:00","dateModified":"2025-12-11T10:12:59+00:00","mainEntityOfPage":{"@id":"https:\/\/www.mydistrigo.be\/fr\/sustainera-leconomie-circulaire-en-action-chez-stellantis\/"},"wordCount":466,"commentCount":0,"publisher":{"@id":"https:\/\/www.mydistrigo.be\/fr\/#organization"},"image":{"@id":"https:\/\/www.mydistrigo.be\/fr\/sustainera-leconomie-circulaire-en-action-chez-stellantis\/#primaryimage"},"thumbnailUrl":"https:\/\/www.mydistrigo.be\/wp-content\/uploads\/2025\/03\/ader-sustaine.png","articleSection":["Non classifi\u00e9(e)"],"inLanguage":"fr-FR","potentialAction":[{"@type":"CommentAction","name":"Comment","target":["https:\/\/www.mydistrigo.be\/fr\/sustainera-leconomie-circulaire-en-action-chez-stellantis\/#respond"]}]},{"@type":"WebPage","@id":"https:\/\/www.mydistrigo.be\/fr\/sustainera-leconomie-circulaire-en-action-chez-stellantis\/","url":"https:\/\/www.mydistrigo.be\/fr\/sustainera-leconomie-circulaire-en-action-chez-stellantis\/","name":"Notre actualit\u00e9 \u2013 Solutions professionnelles | DISTRIGO","isPartOf":{"@id":"https:\/\/www.mydistrigo.be\/fr\/#website"},"primaryImageOfPage":{"@id":"https:\/\/www.mydistrigo.be\/fr\/sustainera-leconomie-circulaire-en-action-chez-stellantis\/#primaryimage"},"image":{"@id":"https:\/\/www.mydistrigo.be\/fr\/sustainera-leconomie-circulaire-en-action-chez-stellantis\/#primaryimage"},"thumbnailUrl":"https:\/\/www.mydistrigo.be\/wp-content\/uploads\/2025\/03\/ader-sustaine.png","datePublished":"2025-03-27T08:44:38+00:00","dateModified":"2025-12-11T10:12:59+00:00","description":"Suivez les nouveaut\u00e9s, lancements produits et promotions de DISTRIGO pour les professionnels de l\u2019automobile \u2013 Solutions et pi\u00e8ces adapt\u00e9es aux professionnels.","breadcrumb":{"@id":"https:\/\/www.mydistrigo.be\/fr\/sustainera-leconomie-circulaire-en-action-chez-stellantis\/#breadcrumb"},"inLanguage":"fr-FR","potentialAction":[{"@type":"ReadAction","target":["https:\/\/www.mydistrigo.be\/fr\/sustainera-leconomie-circulaire-en-action-chez-stellantis\/"]}]},{"@type":"ImageObject","inLanguage":"fr-FR","@id":"https:\/\/www.mydistrigo.be\/fr\/sustainera-leconomie-circulaire-en-action-chez-stellantis\/#primaryimage","url":"https:\/\/www.mydistrigo.be\/wp-content\/uploads\/2025\/03\/ader-sustaine.png","contentUrl":"https:\/\/www.mydistrigo.be\/wp-content\/uploads\/2025\/03\/ader-sustaine.png","width":900,"height":375},{"@type":"BreadcrumbList","@id":"https:\/\/www.mydistrigo.be\/fr\/sustainera-leconomie-circulaire-en-action-chez-stellantis\/#breadcrumb","itemListElement":[{"@type":"ListItem","position":1,"name":"Home","item":"https:\/\/www.mydistrigo.be\/fr\/"},{"@type":"ListItem","position":2,"name":"SUSTAINERA : L&rsquo;\u00e9conomie circulaire en action chez DISTRIGO"}]},{"@type":"WebSite","@id":"https:\/\/www.mydistrigo.be\/fr\/#website","url":"https:\/\/www.mydistrigo.be\/fr\/","name":"MyDistrigo","description":"DISTRIGO vous offre bien plus que des pi\u00e8ces de rechange.  Nous vous proposons un soutien quotidien et des solutions sur mesure pour r\u00e9pondre \u00e0 tous vos besoins, voire les anticiper. Nous souhaitons faire de vos objectifs NOS objectifs, et travailler en v\u00e9ritables co\u00e9quipiers pour avancer ensemble, dans la m\u00eame direction","publisher":{"@id":"https:\/\/www.mydistrigo.be\/fr\/#organization"},"potentialAction":[{"@type":"SearchAction","target":{"@type":"EntryPoint","urlTemplate":"https:\/\/www.mydistrigo.be\/fr\/?s={search_term_string}"},"query-input":{"@type":"PropertyValueSpecification","valueRequired":true,"valueName":"search_term_string"}}],"inLanguage":"fr-FR"},{"@type":"Organization","@id":"https:\/\/www.mydistrigo.be\/fr\/#organization","name":"PSA- Distrigo","url":"https:\/\/www.mydistrigo.be\/fr\/","logo":{"@type":"ImageObject","inLanguage":"fr-FR","@id":"https:\/\/www.mydistrigo.be\/fr\/#\/schema\/logo\/image\/","url":"https:\/\/www.mydistrigo.be\/wp-content\/uploads\/2023\/06\/logo-noir.png","contentUrl":"https:\/\/www.mydistrigo.be\/wp-content\/uploads\/2023\/06\/logo-noir.png","width":314,"height":90,"caption":"PSA- Distrigo"},"image":{"@id":"https:\/\/www.mydistrigo.be\/fr\/#\/schema\/logo\/image\/"},"sameAs":["https:\/\/www.linkedin.com\/company\/distrigo-belux\/about\/"]},{"@type":"Person","@id":"https:\/\/www.mydistrigo.be\/fr\/#\/schema\/person\/b89d951a23c8ca75dca3377593bd7f61","name":"EpamOlivier","image":{"@type":"ImageObject","inLanguage":"fr-FR","@id":"https:\/\/secure.gravatar.com\/avatar\/ee94fe607c5577bbca6aaa10fcec520aa3994ee215e5acd39dc6f566c4f53c6b?s=96&d=mm&r=g","url":"https:\/\/secure.gravatar.com\/avatar\/ee94fe607c5577bbca6aaa10fcec520aa3994ee215e5acd39dc6f566c4f53c6b?s=96&d=mm&r=g","contentUrl":"https:\/\/secure.gravatar.com\/avatar\/ee94fe607c5577bbca6aaa10fcec520aa3994ee215e5acd39dc6f566c4f53c6b?s=96&d=mm&r=g","caption":"EpamOlivier"},"url":"https:\/\/www.mydistrigo.be\/fr\/author\/epamolivier\/"}]}},"_links":{"self":[{"href":"https:\/\/www.mydistrigo.be\/fr\/wp-json\/wp\/v2\/posts\/1196","targetHints":{"allow":["GET"]}}],"collection":[{"href":"https:\/\/www.mydistrigo.be\/fr\/wp-json\/wp\/v2\/posts"}],"about":[{"href":"https:\/\/www.mydistrigo.be\/fr\/wp-json\/wp\/v2\/types\/post"}],"author":[{"embeddable":true,"href":"https:\/\/www.mydistrigo.be\/fr\/wp-json\/wp\/v2\/users\/2"}],"replies":[{"embeddable":true,"href":"https:\/\/www.mydistrigo.be\/fr\/wp-json\/wp\/v2\/comments?post=1196"}],"version-history":[{"count":12,"href":"https:\/\/www.mydistrigo.be\/fr\/wp-json\/wp\/v2\/posts\/1196\/revisions"}],"predecessor-version":[{"id":1218,"href":"https:\/\/www.mydistrigo.be\/fr\/wp-json\/wp\/v2\/posts\/1196\/revisions\/1218"}],"wp:featuredmedia":[{"embeddable":true,"href":"https:\/\/www.mydistrigo.be\/fr\/wp-json\/wp\/v2\/media\/1202"}],"wp:attachment":[{"href":"https:\/\/www.mydistrigo.be\/fr\/wp-json\/wp\/v2\/media?parent=1196"}],"wp:term":[{"taxonomy":"category","embeddable":true,"href":"https:\/\/www.mydistrigo.be\/fr\/wp-json\/wp\/v2\/categories?post=1196"},{"taxonomy":"post_tag","embeddable":true,"href":"https:\/\/www.mydistrigo.be\/fr\/wp-json\/wp\/v2\/tags?post=1196"}],"curies":[{"name":"wp","href":"https:\/\/api.w.org\/{rel}","templated":true}]}}