{"id":1138,"date":"2025-02-25T13:30:28","date_gmt":"2025-02-25T13:30:28","guid":{"rendered":"https:\/\/www.mydistrigo.be\/?p=1138"},"modified":"2026-01-06T20:13:24","modified_gmt":"2026-01-06T20:13:24","slug":"nouveau-pneus-eurorepar-reliance-ete-de-3eme-generation","status":"publish","type":"post","link":"https:\/\/www.mydistrigo.be\/fr\/nouveau-pneus-eurorepar-reliance-ete-de-3eme-generation\/","title":{"rendered":"NOUVEAU : Pneus EUROREPAR Reliance \u00e9t\u00e9 de 3\u00e8me g\u00e9n\u00e9ration"},"content":{"rendered":"<h3><u>D\u00e9couvrez la 3<sup>\u00e8me<\/sup> g\u00e9n\u00e9ration de pneus \u00e9t\u00e9 EUROREPAR Reliance<\/u><\/h3>\n<p>EUROREPAR est fier de d\u00e9voiler la toute nouvelle g\u00e9n\u00e9ration de ses pneus \u00e9t\u00e9 Reliance, une solution innovante qui combine performances, s\u00e9curit\u00e9 et confort. Con\u00e7ue pour r\u00e9pondre aux besoins des automobilistes les plus exigeants, cette gamme marque une avanc\u00e9e majeure par rapport \u00e0 la g\u00e9n\u00e9ration pr\u00e9c\u00e9dente, tout en maintenant un excellent rapport qualit\u00e9-prix.<\/p>\n<p><a class=\"btn-primary\" style=\"text-decoration: none; margin-top: 50;\" href=\"https:\/\/www.eurorepar.com\/BE-fr\/download\/11477\/655baf4fb6bca64fe977aec47f21addd.pdf\" target=\"_blank\" rel=\"noopener\"><strong>T\u00e9l\u00e9charger le tableau d&rsquo;affectation &gt;<\/strong><\/a><br \/>\n&nbsp;<br \/>\n<a class=\"btn-primary\" style=\"text-decoration: none; margin-top: 50;\" href=\"https:\/\/www.mydistrigo.be\/distrigodeals\/index.php?lang=fr&amp;d=061-Pneus_Banden_ERP_Summer-New-Generation_and_All_SEASON__pdf\" target=\"_blank\" rel=\"noopener\"><strong>T\u00e9l\u00e9charger le bon de commande &gt;<\/strong><\/a><\/p>\n<hr style=\"border-top-color: #aaaaaa;\" \/>\n<h3><u>Des pneus \u00e0 la pointe de l\u2019innovation<\/u><\/h3>\n<p>Les nouveaux pneus \u00e9t\u00e9 EUROREPAR Reliance de 3<sup>\u00e8me<\/sup> g\u00e9n\u00e9ration int\u00e8grent les derni\u00e8res avanc\u00e9es technologiques, notamment une nouvelle composition en caoutchouc enrichie en silice synth\u00e9tique (HSSC). Cette technologie permet d\u2019am\u00e9liorer simultan\u00e9ment l\u2019adh\u00e9rence, la durabilit\u00e9 et la r\u00e9sistance au roulement sans compromis sur les performances. Les pneus offrent une exp\u00e9rience de conduite encore plus confortable, avec une r\u00e9duction du bruit pouvant atteindre 2 d\u00e9cibels.<\/p>\n<hr style=\"border-top-color: #aaaaaa;\" \/>\n<h3><u>Une s\u00e9curit\u00e9 renforc\u00e9e <\/u><\/h3>\n<p>La s\u00e9curit\u00e9 est au c\u0153ur des priorit\u00e9s de cette nouvelle g\u00e9n\u00e9ration. Les nouveaux pneus \u00e9t\u00e9 EUROREPAR Reliance de 3<sup>\u00e8me<\/sup> g\u00e9n\u00e9ration arborent un label europ\u00e9en \u00ab A \u00bb en adh\u00e9rence sur sol mouill\u00e9, garantissant une tenue de route exceptionnelle, m\u00eame dans des conditions difficiles. Les larges rainures facilitent l\u2019\u00e9vacuation de l\u2019eau et r\u00e9duisent consid\u00e9rablement les risques d\u2019aquaplaning. Par rapport \u00e0 la g\u00e9n\u00e9ration pr\u00e9c\u00e9dente, la distance de freinage sur sol mouill\u00e9 est r\u00e9duite de 1,8 m, une avanc\u00e9e cruciale pour la s\u00e9curit\u00e9 des conducteurs et de leurs passagers.<\/p>\n<hr style=\"border-top-color: #aaaaaa;\" \/>\n<h3><u>Une gamme adapt\u00e9e \u00e0 tous vos besoins<\/u><\/h3>\n<p>Avec 39 r\u00e9f\u00e9rences couvrant 198 dimensions, les nouveaux pneus \u00e9t\u00e9 EUROREPAR Reliance de 3<sup>\u00e8me<\/sup> g\u00e9n\u00e9ration s\u2019adaptent \u00e0 une large vari\u00e9t\u00e9 de v\u00e9hicules, des voitures particuli\u00e8res aux SUV r\u00e9cents et utilitaires l\u00e9gers. Cette couverture \u00e9tendue permet aux garages et distributeurs de r\u00e9pondre efficacement aux besoins vari\u00e9s de leur client\u00e8le. Faciles \u00e0 commander et \u00e0 stocker, ces pneus simplifient \u00e9galement la gestion logistique de vos ateliers.<\/p>\n<hr style=\"border-top-color: #aaaaaa;\" \/>\n<h3><u>Des performances qui surpassent la g\u00e9n\u00e9ration pr\u00e9c\u00e9dente<\/u><\/h3>\n<p>Outre des am\u00e9liorations en mati\u00e8re de s\u00e9curit\u00e9 et de confort, Les nouveaux pneus \u00e9t\u00e9 EUROREPAR Reliance de 3<sup>\u00e8me<\/sup> g\u00e9n\u00e9ration offrent une meilleure long\u00e9vit\u00e9 et une faible r\u00e9sistance au roulement, ce qui se traduit par des \u00e9conomies de carburant pour les utilisateurs. Ces \u00e9volutions font des pneus \u00e9t\u00e9 EUROREPAR Reliance de 3<sup>\u00e8me<\/sup> g\u00e9n\u00e9ration un choix incontournable pour ceux qui recherchent un produit fiable et durable, tout en restant \u00e9conomique.<\/p>\n<hr style=\"border-top-color: #aaaaaa;\" \/>\n<h3><u>Un prix comp\u00e9titif<\/u><\/h3>\n<p>Cette nouvelle g\u00e9n\u00e9ration de pneus \u00e9t\u00e9 sont propos\u00e9s au m\u00eame prix que la g\u00e9n\u00e9ration pr\u00e9c\u00e9dente, tout en offrant de meilleures marges. Ce positionnement comp\u00e9titif en fait un choix \u00e9conomique pour vos clients et un levier de rentabilit\u00e9 pour votre atelier.<\/p>\n","protected":false},"excerpt":{"rendered":"D\u00e9couvrez la 3\u00e8me g\u00e9n\u00e9ration de pneus \u00e9t\u00e9 EUROREPAR Reliance EUROREPAR est fier de d\u00e9voiler la toute nouvelle g\u00e9n\u00e9ration de ses pneus \u00e9t\u00e9 Reliance, une solution innovante qui combine performances, s\u00e9curit\u00e9 et confort. Con\u00e7ue pour r\u00e9pondre aux besoins des automobilistes les plus exigeants, cette gamme marque une avanc\u00e9e majeure par rapport \u00e0 la g\u00e9n\u00e9ration pr\u00e9c\u00e9dente, tout (&#8230;)","protected":false},"author":2,"featured_media":1163,"comment_status":"open","ping_status":"open","sticky":false,"template":"","format":"standard","meta":{"_acf_changed":false,"footnotes":""},"categories":[1],"tags":[],"class_list":["post-1138","post","type-post","status-publish","format-standard","has-post-thumbnail","hentry","category-non-classifiee"],"acf":[],"yoast_head":"<!-- This site is optimized with the Yoast SEO plugin v27.5 - https:\/\/yoast.com\/product\/yoast-seo-wordpress\/ -->\n<title>Nouveau Pneus Eurorepar Reliance Ete De 3eme Generation | Di<\/title>\n<meta name=\"description\" content=\"Nouveau Pneus Eurorepar Reliance Ete De 3eme Generation. D\u00e9couvrez nos solutions et produits associ\u00e9s chez DISTRIGO Pour les professionnels de l\u2019automobile.\" \/>\n<meta name=\"robots\" content=\"index, follow, max-snippet:-1, max-image-preview:large, max-video-preview:-1\" \/>\n<link rel=\"canonical\" href=\"https:\/\/www.mydistrigo.be\/fr\/nouveau-pneus-eurorepar-reliance-ete-de-3eme-generation\/\" \/>\n<meta property=\"og:locale\" content=\"fr_FR\" \/>\n<meta property=\"og:type\" content=\"article\" \/>\n<meta property=\"og:title\" content=\"Nouveau Pneus Eurorepar Reliance Ete De 3eme Generation | Di\" \/>\n<meta property=\"og:description\" content=\"Nouveau Pneus Eurorepar Reliance Ete De 3eme Generation. D\u00e9couvrez nos solutions et produits associ\u00e9s chez DISTRIGO Pour les professionnels de l\u2019automobile.\" \/>\n<meta property=\"og:url\" content=\"https:\/\/www.mydistrigo.be\/fr\/nouveau-pneus-eurorepar-reliance-ete-de-3eme-generation\/\" \/>\n<meta property=\"og:site_name\" content=\"MyDistrigo\" \/>\n<meta property=\"article:published_time\" content=\"2025-02-25T13:30:28+00:00\" \/>\n<meta property=\"article:modified_time\" content=\"2026-01-06T20:13:24+00:00\" \/>\n<meta property=\"og:image\" content=\"https:\/\/www.mydistrigo.be\/wp-content\/uploads\/2025\/02\/header.jpg\" \/>\n\t<meta property=\"og:image:width\" content=\"900\" \/>\n\t<meta property=\"og:image:height\" content=\"375\" \/>\n\t<meta property=\"og:image:type\" content=\"image\/jpeg\" \/>\n<meta name=\"author\" content=\"EpamOlivier\" \/>\n<meta name=\"twitter:card\" content=\"summary_large_image\" \/>\n<meta name=\"twitter:label1\" content=\"\u00c9crit par\" \/>\n\t<meta name=\"twitter:data1\" content=\"EpamOlivier\" \/>\n\t<meta name=\"twitter:label2\" content=\"Dur\u00e9e de lecture estim\u00e9e\" \/>\n\t<meta name=\"twitter:data2\" content=\"3 minutes\" \/>\n<script type=\"application\/ld+json\" class=\"yoast-schema-graph\">{\"@context\":\"https:\\\/\\\/schema.org\",\"@graph\":[{\"@type\":\"Article\",\"@id\":\"https:\\\/\\\/www.mydistrigo.be\\\/fr\\\/nouveau-pneus-eurorepar-reliance-ete-de-3eme-generation\\\/#article\",\"isPartOf\":{\"@id\":\"https:\\\/\\\/www.mydistrigo.be\\\/fr\\\/nouveau-pneus-eurorepar-reliance-ete-de-3eme-generation\\\/\"},\"author\":{\"name\":\"EpamOlivier\",\"@id\":\"https:\\\/\\\/www.mydistrigo.be\\\/fr\\\/#\\\/schema\\\/person\\\/b89d951a23c8ca75dca3377593bd7f61\"},\"headline\":\"NOUVEAU : Pneus EUROREPAR Reliance \u00e9t\u00e9 de 3\u00e8me g\u00e9n\u00e9ration\",\"datePublished\":\"2025-02-25T13:30:28+00:00\",\"dateModified\":\"2026-01-06T20:13:24+00:00\",\"mainEntityOfPage\":{\"@id\":\"https:\\\/\\\/www.mydistrigo.be\\\/fr\\\/nouveau-pneus-eurorepar-reliance-ete-de-3eme-generation\\\/\"},\"wordCount\":514,\"commentCount\":0,\"publisher\":{\"@id\":\"https:\\\/\\\/www.mydistrigo.be\\\/fr\\\/#organization\"},\"image\":{\"@id\":\"https:\\\/\\\/www.mydistrigo.be\\\/fr\\\/nouveau-pneus-eurorepar-reliance-ete-de-3eme-generation\\\/#primaryimage\"},\"thumbnailUrl\":\"https:\\\/\\\/www.mydistrigo.be\\\/wp-content\\\/uploads\\\/2025\\\/02\\\/header.jpg\",\"articleSection\":[\"Non classifi\u00e9(e)\"],\"inLanguage\":\"fr-FR\",\"potentialAction\":[{\"@type\":\"CommentAction\",\"name\":\"Comment\",\"target\":[\"https:\\\/\\\/www.mydistrigo.be\\\/fr\\\/nouveau-pneus-eurorepar-reliance-ete-de-3eme-generation\\\/#respond\"]}]},{\"@type\":\"WebPage\",\"@id\":\"https:\\\/\\\/www.mydistrigo.be\\\/fr\\\/nouveau-pneus-eurorepar-reliance-ete-de-3eme-generation\\\/\",\"url\":\"https:\\\/\\\/www.mydistrigo.be\\\/fr\\\/nouveau-pneus-eurorepar-reliance-ete-de-3eme-generation\\\/\",\"name\":\"Nouveau Pneus Eurorepar Reliance Ete De 3eme Generation | Di\",\"isPartOf\":{\"@id\":\"https:\\\/\\\/www.mydistrigo.be\\\/fr\\\/#website\"},\"primaryImageOfPage\":{\"@id\":\"https:\\\/\\\/www.mydistrigo.be\\\/fr\\\/nouveau-pneus-eurorepar-reliance-ete-de-3eme-generation\\\/#primaryimage\"},\"image\":{\"@id\":\"https:\\\/\\\/www.mydistrigo.be\\\/fr\\\/nouveau-pneus-eurorepar-reliance-ete-de-3eme-generation\\\/#primaryimage\"},\"thumbnailUrl\":\"https:\\\/\\\/www.mydistrigo.be\\\/wp-content\\\/uploads\\\/2025\\\/02\\\/header.jpg\",\"datePublished\":\"2025-02-25T13:30:28+00:00\",\"dateModified\":\"2026-01-06T20:13:24+00:00\",\"description\":\"Nouveau Pneus Eurorepar Reliance Ete De 3eme Generation. D\u00e9couvrez nos solutions et produits associ\u00e9s chez DISTRIGO Pour les professionnels de l\u2019automobile.\",\"breadcrumb\":{\"@id\":\"https:\\\/\\\/www.mydistrigo.be\\\/fr\\\/nouveau-pneus-eurorepar-reliance-ete-de-3eme-generation\\\/#breadcrumb\"},\"inLanguage\":\"fr-FR\",\"potentialAction\":[{\"@type\":\"ReadAction\",\"target\":[\"https:\\\/\\\/www.mydistrigo.be\\\/fr\\\/nouveau-pneus-eurorepar-reliance-ete-de-3eme-generation\\\/\"]}]},{\"@type\":\"ImageObject\",\"inLanguage\":\"fr-FR\",\"@id\":\"https:\\\/\\\/www.mydistrigo.be\\\/fr\\\/nouveau-pneus-eurorepar-reliance-ete-de-3eme-generation\\\/#primaryimage\",\"url\":\"https:\\\/\\\/www.mydistrigo.be\\\/wp-content\\\/uploads\\\/2025\\\/02\\\/header.jpg\",\"contentUrl\":\"https:\\\/\\\/www.mydistrigo.be\\\/wp-content\\\/uploads\\\/2025\\\/02\\\/header.jpg\",\"width\":900,\"height\":375},{\"@type\":\"BreadcrumbList\",\"@id\":\"https:\\\/\\\/www.mydistrigo.be\\\/fr\\\/nouveau-pneus-eurorepar-reliance-ete-de-3eme-generation\\\/#breadcrumb\",\"itemListElement\":[{\"@type\":\"ListItem\",\"position\":1,\"name\":\"Home\",\"item\":\"https:\\\/\\\/www.mydistrigo.be\\\/fr\\\/\"},{\"@type\":\"ListItem\",\"position\":2,\"name\":\"NOUVEAU : Pneus EUROREPAR Reliance \u00e9t\u00e9 de 3\u00e8me g\u00e9n\u00e9ration\"}]},{\"@type\":\"WebSite\",\"@id\":\"https:\\\/\\\/www.mydistrigo.be\\\/fr\\\/#website\",\"url\":\"https:\\\/\\\/www.mydistrigo.be\\\/fr\\\/\",\"name\":\"MyDistrigo\",\"description\":\"DISTRIGO vous offre bien plus que des pi\u00e8ces de rechange.  Nous vous proposons un soutien quotidien et des solutions sur mesure pour r\u00e9pondre \u00e0 tous vos besoins, voire les anticiper. Nous souhaitons faire de vos objectifs NOS objectifs, et travailler en v\u00e9ritables co\u00e9quipiers pour avancer ensemble, dans la m\u00eame direction\",\"publisher\":{\"@id\":\"https:\\\/\\\/www.mydistrigo.be\\\/fr\\\/#organization\"},\"potentialAction\":[{\"@type\":\"SearchAction\",\"target\":{\"@type\":\"EntryPoint\",\"urlTemplate\":\"https:\\\/\\\/www.mydistrigo.be\\\/fr\\\/?s={search_term_string}\"},\"query-input\":{\"@type\":\"PropertyValueSpecification\",\"valueRequired\":true,\"valueName\":\"search_term_string\"}}],\"inLanguage\":\"fr-FR\"},{\"@type\":\"Organization\",\"@id\":\"https:\\\/\\\/www.mydistrigo.be\\\/fr\\\/#organization\",\"name\":\"PSA- Distrigo\",\"url\":\"https:\\\/\\\/www.mydistrigo.be\\\/fr\\\/\",\"logo\":{\"@type\":\"ImageObject\",\"inLanguage\":\"fr-FR\",\"@id\":\"https:\\\/\\\/www.mydistrigo.be\\\/fr\\\/#\\\/schema\\\/logo\\\/image\\\/\",\"url\":\"https:\\\/\\\/www.mydistrigo.be\\\/wp-content\\\/uploads\\\/2023\\\/06\\\/logo-noir.png\",\"contentUrl\":\"https:\\\/\\\/www.mydistrigo.be\\\/wp-content\\\/uploads\\\/2023\\\/06\\\/logo-noir.png\",\"width\":314,\"height\":90,\"caption\":\"PSA- Distrigo\"},\"image\":{\"@id\":\"https:\\\/\\\/www.mydistrigo.be\\\/fr\\\/#\\\/schema\\\/logo\\\/image\\\/\"},\"sameAs\":[\"https:\\\/\\\/www.linkedin.com\\\/company\\\/distrigo-belux\\\/about\\\/\"]},{\"@type\":\"Person\",\"@id\":\"https:\\\/\\\/www.mydistrigo.be\\\/fr\\\/#\\\/schema\\\/person\\\/b89d951a23c8ca75dca3377593bd7f61\",\"name\":\"EpamOlivier\",\"image\":{\"@type\":\"ImageObject\",\"inLanguage\":\"fr-FR\",\"@id\":\"https:\\\/\\\/secure.gravatar.com\\\/avatar\\\/ee94fe607c5577bbca6aaa10fcec520aa3994ee215e5acd39dc6f566c4f53c6b?s=96&d=mm&r=g\",\"url\":\"https:\\\/\\\/secure.gravatar.com\\\/avatar\\\/ee94fe607c5577bbca6aaa10fcec520aa3994ee215e5acd39dc6f566c4f53c6b?s=96&d=mm&r=g\",\"contentUrl\":\"https:\\\/\\\/secure.gravatar.com\\\/avatar\\\/ee94fe607c5577bbca6aaa10fcec520aa3994ee215e5acd39dc6f566c4f53c6b?s=96&d=mm&r=g\",\"caption\":\"EpamOlivier\"},\"url\":\"https:\\\/\\\/www.mydistrigo.be\\\/fr\\\/author\\\/epamolivier\\\/\"}]}<\/script>\n<!-- \/ Yoast SEO plugin. -->","yoast_head_json":{"title":"Nouveau Pneus Eurorepar Reliance Ete De 3eme Generation | Di","description":"Nouveau Pneus Eurorepar Reliance Ete De 3eme Generation. D\u00e9couvrez nos solutions et produits associ\u00e9s chez DISTRIGO Pour les professionnels de l\u2019automobile.","robots":{"index":"index","follow":"follow","max-snippet":"max-snippet:-1","max-image-preview":"max-image-preview:large","max-video-preview":"max-video-preview:-1"},"canonical":"https:\/\/www.mydistrigo.be\/fr\/nouveau-pneus-eurorepar-reliance-ete-de-3eme-generation\/","og_locale":"fr_FR","og_type":"article","og_title":"Nouveau Pneus Eurorepar Reliance Ete De 3eme Generation | Di","og_description":"Nouveau Pneus Eurorepar Reliance Ete De 3eme Generation. D\u00e9couvrez nos solutions et produits associ\u00e9s chez DISTRIGO Pour les professionnels de l\u2019automobile.","og_url":"https:\/\/www.mydistrigo.be\/fr\/nouveau-pneus-eurorepar-reliance-ete-de-3eme-generation\/","og_site_name":"MyDistrigo","article_published_time":"2025-02-25T13:30:28+00:00","article_modified_time":"2026-01-06T20:13:24+00:00","og_image":[{"width":900,"height":375,"url":"https:\/\/www.mydistrigo.be\/wp-content\/uploads\/2025\/02\/header.jpg","type":"image\/jpeg"}],"author":"EpamOlivier","twitter_card":"summary_large_image","twitter_misc":{"\u00c9crit par":"EpamOlivier","Dur\u00e9e de lecture estim\u00e9e":"3 minutes"},"schema":{"@context":"https:\/\/schema.org","@graph":[{"@type":"Article","@id":"https:\/\/www.mydistrigo.be\/fr\/nouveau-pneus-eurorepar-reliance-ete-de-3eme-generation\/#article","isPartOf":{"@id":"https:\/\/www.mydistrigo.be\/fr\/nouveau-pneus-eurorepar-reliance-ete-de-3eme-generation\/"},"author":{"name":"EpamOlivier","@id":"https:\/\/www.mydistrigo.be\/fr\/#\/schema\/person\/b89d951a23c8ca75dca3377593bd7f61"},"headline":"NOUVEAU : Pneus EUROREPAR Reliance \u00e9t\u00e9 de 3\u00e8me g\u00e9n\u00e9ration","datePublished":"2025-02-25T13:30:28+00:00","dateModified":"2026-01-06T20:13:24+00:00","mainEntityOfPage":{"@id":"https:\/\/www.mydistrigo.be\/fr\/nouveau-pneus-eurorepar-reliance-ete-de-3eme-generation\/"},"wordCount":514,"commentCount":0,"publisher":{"@id":"https:\/\/www.mydistrigo.be\/fr\/#organization"},"image":{"@id":"https:\/\/www.mydistrigo.be\/fr\/nouveau-pneus-eurorepar-reliance-ete-de-3eme-generation\/#primaryimage"},"thumbnailUrl":"https:\/\/www.mydistrigo.be\/wp-content\/uploads\/2025\/02\/header.jpg","articleSection":["Non classifi\u00e9(e)"],"inLanguage":"fr-FR","potentialAction":[{"@type":"CommentAction","name":"Comment","target":["https:\/\/www.mydistrigo.be\/fr\/nouveau-pneus-eurorepar-reliance-ete-de-3eme-generation\/#respond"]}]},{"@type":"WebPage","@id":"https:\/\/www.mydistrigo.be\/fr\/nouveau-pneus-eurorepar-reliance-ete-de-3eme-generation\/","url":"https:\/\/www.mydistrigo.be\/fr\/nouveau-pneus-eurorepar-reliance-ete-de-3eme-generation\/","name":"Nouveau Pneus Eurorepar Reliance Ete De 3eme Generation | Di","isPartOf":{"@id":"https:\/\/www.mydistrigo.be\/fr\/#website"},"primaryImageOfPage":{"@id":"https:\/\/www.mydistrigo.be\/fr\/nouveau-pneus-eurorepar-reliance-ete-de-3eme-generation\/#primaryimage"},"image":{"@id":"https:\/\/www.mydistrigo.be\/fr\/nouveau-pneus-eurorepar-reliance-ete-de-3eme-generation\/#primaryimage"},"thumbnailUrl":"https:\/\/www.mydistrigo.be\/wp-content\/uploads\/2025\/02\/header.jpg","datePublished":"2025-02-25T13:30:28+00:00","dateModified":"2026-01-06T20:13:24+00:00","description":"Nouveau Pneus Eurorepar Reliance Ete De 3eme Generation. D\u00e9couvrez nos solutions et produits associ\u00e9s chez DISTRIGO Pour les professionnels de l\u2019automobile.","breadcrumb":{"@id":"https:\/\/www.mydistrigo.be\/fr\/nouveau-pneus-eurorepar-reliance-ete-de-3eme-generation\/#breadcrumb"},"inLanguage":"fr-FR","potentialAction":[{"@type":"ReadAction","target":["https:\/\/www.mydistrigo.be\/fr\/nouveau-pneus-eurorepar-reliance-ete-de-3eme-generation\/"]}]},{"@type":"ImageObject","inLanguage":"fr-FR","@id":"https:\/\/www.mydistrigo.be\/fr\/nouveau-pneus-eurorepar-reliance-ete-de-3eme-generation\/#primaryimage","url":"https:\/\/www.mydistrigo.be\/wp-content\/uploads\/2025\/02\/header.jpg","contentUrl":"https:\/\/www.mydistrigo.be\/wp-content\/uploads\/2025\/02\/header.jpg","width":900,"height":375},{"@type":"BreadcrumbList","@id":"https:\/\/www.mydistrigo.be\/fr\/nouveau-pneus-eurorepar-reliance-ete-de-3eme-generation\/#breadcrumb","itemListElement":[{"@type":"ListItem","position":1,"name":"Home","item":"https:\/\/www.mydistrigo.be\/fr\/"},{"@type":"ListItem","position":2,"name":"NOUVEAU : Pneus EUROREPAR Reliance \u00e9t\u00e9 de 3\u00e8me g\u00e9n\u00e9ration"}]},{"@type":"WebSite","@id":"https:\/\/www.mydistrigo.be\/fr\/#website","url":"https:\/\/www.mydistrigo.be\/fr\/","name":"MyDistrigo","description":"DISTRIGO vous offre bien plus que des pi\u00e8ces de rechange.  Nous vous proposons un soutien quotidien et des solutions sur mesure pour r\u00e9pondre \u00e0 tous vos besoins, voire les anticiper. Nous souhaitons faire de vos objectifs NOS objectifs, et travailler en v\u00e9ritables co\u00e9quipiers pour avancer ensemble, dans la m\u00eame direction","publisher":{"@id":"https:\/\/www.mydistrigo.be\/fr\/#organization"},"potentialAction":[{"@type":"SearchAction","target":{"@type":"EntryPoint","urlTemplate":"https:\/\/www.mydistrigo.be\/fr\/?s={search_term_string}"},"query-input":{"@type":"PropertyValueSpecification","valueRequired":true,"valueName":"search_term_string"}}],"inLanguage":"fr-FR"},{"@type":"Organization","@id":"https:\/\/www.mydistrigo.be\/fr\/#organization","name":"PSA- Distrigo","url":"https:\/\/www.mydistrigo.be\/fr\/","logo":{"@type":"ImageObject","inLanguage":"fr-FR","@id":"https:\/\/www.mydistrigo.be\/fr\/#\/schema\/logo\/image\/","url":"https:\/\/www.mydistrigo.be\/wp-content\/uploads\/2023\/06\/logo-noir.png","contentUrl":"https:\/\/www.mydistrigo.be\/wp-content\/uploads\/2023\/06\/logo-noir.png","width":314,"height":90,"caption":"PSA- Distrigo"},"image":{"@id":"https:\/\/www.mydistrigo.be\/fr\/#\/schema\/logo\/image\/"},"sameAs":["https:\/\/www.linkedin.com\/company\/distrigo-belux\/about\/"]},{"@type":"Person","@id":"https:\/\/www.mydistrigo.be\/fr\/#\/schema\/person\/b89d951a23c8ca75dca3377593bd7f61","name":"EpamOlivier","image":{"@type":"ImageObject","inLanguage":"fr-FR","@id":"https:\/\/secure.gravatar.com\/avatar\/ee94fe607c5577bbca6aaa10fcec520aa3994ee215e5acd39dc6f566c4f53c6b?s=96&d=mm&r=g","url":"https:\/\/secure.gravatar.com\/avatar\/ee94fe607c5577bbca6aaa10fcec520aa3994ee215e5acd39dc6f566c4f53c6b?s=96&d=mm&r=g","contentUrl":"https:\/\/secure.gravatar.com\/avatar\/ee94fe607c5577bbca6aaa10fcec520aa3994ee215e5acd39dc6f566c4f53c6b?s=96&d=mm&r=g","caption":"EpamOlivier"},"url":"https:\/\/www.mydistrigo.be\/fr\/author\/epamolivier\/"}]}},"_links":{"self":[{"href":"https:\/\/www.mydistrigo.be\/fr\/wp-json\/wp\/v2\/posts\/1138","targetHints":{"allow":["GET"]}}],"collection":[{"href":"https:\/\/www.mydistrigo.be\/fr\/wp-json\/wp\/v2\/posts"}],"about":[{"href":"https:\/\/www.mydistrigo.be\/fr\/wp-json\/wp\/v2\/types\/post"}],"author":[{"embeddable":true,"href":"https:\/\/www.mydistrigo.be\/fr\/wp-json\/wp\/v2\/users\/2"}],"replies":[{"embeddable":true,"href":"https:\/\/www.mydistrigo.be\/fr\/wp-json\/wp\/v2\/comments?post=1138"}],"version-history":[{"count":12,"href":"https:\/\/www.mydistrigo.be\/fr\/wp-json\/wp\/v2\/posts\/1138\/revisions"}],"predecessor-version":[{"id":1758,"href":"https:\/\/www.mydistrigo.be\/fr\/wp-json\/wp\/v2\/posts\/1138\/revisions\/1758"}],"wp:featuredmedia":[{"embeddable":true,"href":"https:\/\/www.mydistrigo.be\/fr\/wp-json\/wp\/v2\/media\/1163"}],"wp:attachment":[{"href":"https:\/\/www.mydistrigo.be\/fr\/wp-json\/wp\/v2\/media?parent=1138"}],"wp:term":[{"taxonomy":"category","embeddable":true,"href":"https:\/\/www.mydistrigo.be\/fr\/wp-json\/wp\/v2\/categories?post=1138"},{"taxonomy":"post_tag","embeddable":true,"href":"https:\/\/www.mydistrigo.be\/fr\/wp-json\/wp\/v2\/tags?post=1138"}],"curies":[{"name":"wp","href":"https:\/\/api.w.org\/{rel}","templated":true}]}}