{"id":110,"date":"2023-07-18T14:05:56","date_gmt":"2023-07-18T14:05:56","guid":{"rendered":"https:\/\/www.mydistrigo.be\/?p=110"},"modified":"2023-11-16T10:52:01","modified_gmt":"2023-11-16T10:52:01","slug":"depuis-ce-1er-juillet-chez-distrigo-les-pieces-dorigine-pour-abarth-alfa-romeo-fiat-fiat-professional-jeep-et-lancia","status":"publish","type":"post","link":"https:\/\/www.mydistrigo.be\/fr\/depuis-ce-1er-juillet-chez-distrigo-les-pieces-dorigine-pour-abarth-alfa-romeo-fiat-fiat-professional-jeep-et-lancia\/","title":{"rendered":"Depuis ce 1er juillet chez DISTRIGO : les pi\u00e8ces d\u2019origine pour Abarth, Alfa Romeo, Fiat, Fiat Professional, Jeep et Lancia"},"content":{"rendered":"<h3>6 marques Stellantis de plus chez DISTRIGO<\/h3>\n<p>Jusqu\u2019au 30 juin, <strong>DISTRIGO<\/strong> assurait la distribution des <strong>pi\u00e8ces d\u2019origine pour Citro\u00ebn, DS Automobiles, Opel et Peugeot<\/strong>. Depuis ce <strong>1<sup>er<\/sup> juillet<\/strong>, nous g\u00e9rons aussi les pi\u00e8ces d\u2019origine pour <strong>Abarth, Alfa Romeo, Fiat, Fiat Professional, Jeep et Lancia<\/strong>. Plus que jamais, le <strong>one-stop shop et l\u2019offre multimarque compl\u00e8te pour les r\u00e9parateurs<\/strong>, c\u2019est chez DISTRIGO\u00a0!<\/p>\n<p><img loading=\"lazy\" decoding=\"async\" width=\"1500\" height=\"144\" class=\"alignnone size-full wp-image-115\" style=\"margin: 25px 0 50px 0; width: 100%;\" src=\"https:\/\/www.mydistrigo.be\/wp-content\/uploads\/2023\/07\/mopar.jpg\" alt=\"\" srcset=\"https:\/\/www.mydistrigo.be\/wp-content\/uploads\/2023\/07\/mopar.jpg 1500w, https:\/\/www.mydistrigo.be\/wp-content\/uploads\/2023\/07\/mopar-300x29.jpg 300w, https:\/\/www.mydistrigo.be\/wp-content\/uploads\/2023\/07\/mopar-768x74.jpg 768w, https:\/\/www.mydistrigo.be\/wp-content\/uploads\/2023\/07\/mopar-1024x98.jpg 1024w\" sizes=\"(max-width: 1500px) 100vw, 1500px\" \/><\/p>\n<h3><strong>MOPAR, un seul nom pour toutes les pi\u00e8ces Stellantis <\/strong><\/h3>\n<p>Pi\u00e8ces de performance, d\u2019entretien, de r\u00e9paration de carrosserie\u2026 <strong>MOPAR<\/strong>, ce sont <strong>les pi\u00e8ces que les ing\u00e9nieurs ont con\u00e7ues et fabriqu\u00e9es pour les diff\u00e9rents v\u00e9hicules Stellantis<\/strong>. Il n\u2019y a pas mieux\u00a0!<\/p>\n<p>&nbsp;<\/p>\n<h3><strong>Qualit\u00e9 et ajustement parfait au profit de tous <\/strong><\/h3>\n<p>Les pi\u00e8ces MOPAR b\u00e9n\u00e9ficient toujours des <strong>derni\u00e8res<\/strong> <strong>innovations<\/strong> de Stellantis et de son <strong>savoir-faire<\/strong> de pointe en mati\u00e8re de technique.<\/p>\n<p>Les pi\u00e8ces MOPAR procurent de nombreux avantages\u00a0:<\/p>\n<ul>\n<li>Pour vous\u00a0: ces pi\u00e8ces <strong>sur-mesure <\/strong>se placent tr\u00e8s facilement et vous font <strong>gagner du temps.<\/strong><\/li>\n<li>Pour vos clients\u00a0: un v\u00e9hicule entretenu et r\u00e9par\u00e9 avec des pi\u00e8ces d\u2019origine a une <strong>valeur de revente sup\u00e9rieure.<\/strong><\/li>\n<\/ul>\n","protected":false},"excerpt":{"rendered":"6 marques Stellantis de plus chez DISTRIGO Jusqu\u2019au 30 juin, DISTRIGO assurait la distribution des pi\u00e8ces d\u2019origine pour Citro\u00ebn, DS Automobiles, Opel et Peugeot. Depuis ce 1er juillet, nous g\u00e9rons aussi les pi\u00e8ces d\u2019origine pour Abarth, Alfa Romeo, Fiat, Fiat Professional, Jeep et Lancia. Plus que jamais, le one-stop shop et l\u2019offre multimarque compl\u00e8te pour (&#8230;)","protected":false},"author":2,"featured_media":118,"comment_status":"open","ping_status":"open","sticky":false,"template":"","format":"standard","meta":{"_acf_changed":false,"footnotes":""},"categories":[1],"tags":[],"class_list":["post-110","post","type-post","status-publish","format-standard","has-post-thumbnail","hentry","category-non-classifiee"],"acf":[],"yoast_head":"<!-- This site is optimized with the Yoast SEO plugin v27.5 - https:\/\/yoast.com\/product\/yoast-seo-wordpress\/ -->\n<title>Notre actualit\u00e9 \u2013 Solutions professionnelles | DISTRIGO<\/title>\n<meta name=\"description\" content=\"Suivez les nouveaut\u00e9s, lancements produits et promotions de DISTRIGO pour les professionnels de l\u2019automobile \u2013 Solutions et pi\u00e8ces adapt\u00e9es aux professionnels.\" \/>\n<meta name=\"robots\" content=\"index, follow, max-snippet:-1, max-image-preview:large, max-video-preview:-1\" \/>\n<link rel=\"canonical\" href=\"https:\/\/www.mydistrigo.be\/fr\/depuis-ce-1er-juillet-chez-distrigo-les-pieces-dorigine-pour-abarth-alfa-romeo-fiat-fiat-professional-jeep-et-lancia\/\" \/>\n<meta property=\"og:locale\" content=\"fr_FR\" \/>\n<meta property=\"og:type\" content=\"article\" \/>\n<meta property=\"og:title\" content=\"Notre actualit\u00e9 \u2013 Solutions professionnelles | DISTRIGO\" \/>\n<meta property=\"og:description\" content=\"Suivez les nouveaut\u00e9s, lancements produits et promotions de DISTRIGO pour les professionnels de l\u2019automobile \u2013 Solutions et pi\u00e8ces adapt\u00e9es aux professionnels.\" \/>\n<meta property=\"og:url\" content=\"https:\/\/www.mydistrigo.be\/fr\/depuis-ce-1er-juillet-chez-distrigo-les-pieces-dorigine-pour-abarth-alfa-romeo-fiat-fiat-professional-jeep-et-lancia\/\" \/>\n<meta property=\"og:site_name\" content=\"MyDistrigo\" \/>\n<meta property=\"article:published_time\" content=\"2023-07-18T14:05:56+00:00\" \/>\n<meta property=\"article:modified_time\" content=\"2023-11-16T10:52:01+00:00\" \/>\n<meta property=\"og:image\" content=\"https:\/\/www.mydistrigo.be\/wp-content\/uploads\/2023\/07\/banner.jpg\" \/>\n\t<meta property=\"og:image:width\" content=\"1200\" \/>\n\t<meta property=\"og:image:height\" content=\"600\" \/>\n\t<meta property=\"og:image:type\" content=\"image\/jpeg\" \/>\n<meta name=\"author\" content=\"EpamOlivier\" \/>\n<meta name=\"twitter:card\" content=\"summary_large_image\" \/>\n<meta name=\"twitter:label1\" content=\"\u00c9crit par\" \/>\n\t<meta name=\"twitter:data1\" content=\"EpamOlivier\" \/>\n\t<meta name=\"twitter:label2\" content=\"Dur\u00e9e de lecture estim\u00e9e\" \/>\n\t<meta name=\"twitter:data2\" content=\"2 minutes\" \/>\n<script type=\"application\/ld+json\" class=\"yoast-schema-graph\">{\"@context\":\"https:\\\/\\\/schema.org\",\"@graph\":[{\"@type\":\"Article\",\"@id\":\"https:\\\/\\\/www.mydistrigo.be\\\/fr\\\/depuis-ce-1er-juillet-chez-distrigo-les-pieces-dorigine-pour-abarth-alfa-romeo-fiat-fiat-professional-jeep-et-lancia\\\/#article\",\"isPartOf\":{\"@id\":\"https:\\\/\\\/www.mydistrigo.be\\\/fr\\\/depuis-ce-1er-juillet-chez-distrigo-les-pieces-dorigine-pour-abarth-alfa-romeo-fiat-fiat-professional-jeep-et-lancia\\\/\"},\"author\":{\"name\":\"EpamOlivier\",\"@id\":\"https:\\\/\\\/www.mydistrigo.be\\\/fr\\\/#\\\/schema\\\/person\\\/b89d951a23c8ca75dca3377593bd7f61\"},\"headline\":\"Depuis ce 1er juillet chez DISTRIGO : les pi\u00e8ces d\u2019origine pour Abarth, Alfa Romeo, Fiat, Fiat Professional, Jeep et Lancia\",\"datePublished\":\"2023-07-18T14:05:56+00:00\",\"dateModified\":\"2023-11-16T10:52:01+00:00\",\"mainEntityOfPage\":{\"@id\":\"https:\\\/\\\/www.mydistrigo.be\\\/fr\\\/depuis-ce-1er-juillet-chez-distrigo-les-pieces-dorigine-pour-abarth-alfa-romeo-fiat-fiat-professional-jeep-et-lancia\\\/\"},\"wordCount\":222,\"commentCount\":0,\"publisher\":{\"@id\":\"https:\\\/\\\/www.mydistrigo.be\\\/fr\\\/#organization\"},\"image\":{\"@id\":\"https:\\\/\\\/www.mydistrigo.be\\\/fr\\\/depuis-ce-1er-juillet-chez-distrigo-les-pieces-dorigine-pour-abarth-alfa-romeo-fiat-fiat-professional-jeep-et-lancia\\\/#primaryimage\"},\"thumbnailUrl\":\"https:\\\/\\\/www.mydistrigo.be\\\/wp-content\\\/uploads\\\/2023\\\/07\\\/banner.jpg\",\"articleSection\":[\"Non classifi\u00e9(e)\"],\"inLanguage\":\"fr-FR\",\"potentialAction\":[{\"@type\":\"CommentAction\",\"name\":\"Comment\",\"target\":[\"https:\\\/\\\/www.mydistrigo.be\\\/fr\\\/depuis-ce-1er-juillet-chez-distrigo-les-pieces-dorigine-pour-abarth-alfa-romeo-fiat-fiat-professional-jeep-et-lancia\\\/#respond\"]}]},{\"@type\":\"WebPage\",\"@id\":\"https:\\\/\\\/www.mydistrigo.be\\\/fr\\\/depuis-ce-1er-juillet-chez-distrigo-les-pieces-dorigine-pour-abarth-alfa-romeo-fiat-fiat-professional-jeep-et-lancia\\\/\",\"url\":\"https:\\\/\\\/www.mydistrigo.be\\\/fr\\\/depuis-ce-1er-juillet-chez-distrigo-les-pieces-dorigine-pour-abarth-alfa-romeo-fiat-fiat-professional-jeep-et-lancia\\\/\",\"name\":\"Notre actualit\u00e9 \u2013 Solutions professionnelles | DISTRIGO\",\"isPartOf\":{\"@id\":\"https:\\\/\\\/www.mydistrigo.be\\\/fr\\\/#website\"},\"primaryImageOfPage\":{\"@id\":\"https:\\\/\\\/www.mydistrigo.be\\\/fr\\\/depuis-ce-1er-juillet-chez-distrigo-les-pieces-dorigine-pour-abarth-alfa-romeo-fiat-fiat-professional-jeep-et-lancia\\\/#primaryimage\"},\"image\":{\"@id\":\"https:\\\/\\\/www.mydistrigo.be\\\/fr\\\/depuis-ce-1er-juillet-chez-distrigo-les-pieces-dorigine-pour-abarth-alfa-romeo-fiat-fiat-professional-jeep-et-lancia\\\/#primaryimage\"},\"thumbnailUrl\":\"https:\\\/\\\/www.mydistrigo.be\\\/wp-content\\\/uploads\\\/2023\\\/07\\\/banner.jpg\",\"datePublished\":\"2023-07-18T14:05:56+00:00\",\"dateModified\":\"2023-11-16T10:52:01+00:00\",\"description\":\"Suivez les nouveaut\u00e9s, lancements produits et promotions de DISTRIGO pour les professionnels de l\u2019automobile \u2013 Solutions et pi\u00e8ces adapt\u00e9es aux professionnels.\",\"breadcrumb\":{\"@id\":\"https:\\\/\\\/www.mydistrigo.be\\\/fr\\\/depuis-ce-1er-juillet-chez-distrigo-les-pieces-dorigine-pour-abarth-alfa-romeo-fiat-fiat-professional-jeep-et-lancia\\\/#breadcrumb\"},\"inLanguage\":\"fr-FR\",\"potentialAction\":[{\"@type\":\"ReadAction\",\"target\":[\"https:\\\/\\\/www.mydistrigo.be\\\/fr\\\/depuis-ce-1er-juillet-chez-distrigo-les-pieces-dorigine-pour-abarth-alfa-romeo-fiat-fiat-professional-jeep-et-lancia\\\/\"]}]},{\"@type\":\"ImageObject\",\"inLanguage\":\"fr-FR\",\"@id\":\"https:\\\/\\\/www.mydistrigo.be\\\/fr\\\/depuis-ce-1er-juillet-chez-distrigo-les-pieces-dorigine-pour-abarth-alfa-romeo-fiat-fiat-professional-jeep-et-lancia\\\/#primaryimage\",\"url\":\"https:\\\/\\\/www.mydistrigo.be\\\/wp-content\\\/uploads\\\/2023\\\/07\\\/banner.jpg\",\"contentUrl\":\"https:\\\/\\\/www.mydistrigo.be\\\/wp-content\\\/uploads\\\/2023\\\/07\\\/banner.jpg\",\"width\":1200,\"height\":600},{\"@type\":\"BreadcrumbList\",\"@id\":\"https:\\\/\\\/www.mydistrigo.be\\\/fr\\\/depuis-ce-1er-juillet-chez-distrigo-les-pieces-dorigine-pour-abarth-alfa-romeo-fiat-fiat-professional-jeep-et-lancia\\\/#breadcrumb\",\"itemListElement\":[{\"@type\":\"ListItem\",\"position\":1,\"name\":\"Home\",\"item\":\"https:\\\/\\\/www.mydistrigo.be\\\/fr\\\/\"},{\"@type\":\"ListItem\",\"position\":2,\"name\":\"Depuis ce 1er juillet chez DISTRIGO : les pi\u00e8ces d\u2019origine pour Abarth, Alfa Romeo, Fiat, Fiat Professional, Jeep et Lancia\"}]},{\"@type\":\"WebSite\",\"@id\":\"https:\\\/\\\/www.mydistrigo.be\\\/fr\\\/#website\",\"url\":\"https:\\\/\\\/www.mydistrigo.be\\\/fr\\\/\",\"name\":\"MyDistrigo\",\"description\":\"DISTRIGO vous offre bien plus que des pi\u00e8ces de rechange.  Nous vous proposons un soutien quotidien et des solutions sur mesure pour r\u00e9pondre \u00e0 tous vos besoins, voire les anticiper. Nous souhaitons faire de vos objectifs NOS objectifs, et travailler en v\u00e9ritables co\u00e9quipiers pour avancer ensemble, dans la m\u00eame direction\",\"publisher\":{\"@id\":\"https:\\\/\\\/www.mydistrigo.be\\\/fr\\\/#organization\"},\"potentialAction\":[{\"@type\":\"SearchAction\",\"target\":{\"@type\":\"EntryPoint\",\"urlTemplate\":\"https:\\\/\\\/www.mydistrigo.be\\\/fr\\\/?s={search_term_string}\"},\"query-input\":{\"@type\":\"PropertyValueSpecification\",\"valueRequired\":true,\"valueName\":\"search_term_string\"}}],\"inLanguage\":\"fr-FR\"},{\"@type\":\"Organization\",\"@id\":\"https:\\\/\\\/www.mydistrigo.be\\\/fr\\\/#organization\",\"name\":\"PSA- Distrigo\",\"url\":\"https:\\\/\\\/www.mydistrigo.be\\\/fr\\\/\",\"logo\":{\"@type\":\"ImageObject\",\"inLanguage\":\"fr-FR\",\"@id\":\"https:\\\/\\\/www.mydistrigo.be\\\/fr\\\/#\\\/schema\\\/logo\\\/image\\\/\",\"url\":\"https:\\\/\\\/www.mydistrigo.be\\\/wp-content\\\/uploads\\\/2023\\\/06\\\/logo-noir.png\",\"contentUrl\":\"https:\\\/\\\/www.mydistrigo.be\\\/wp-content\\\/uploads\\\/2023\\\/06\\\/logo-noir.png\",\"width\":314,\"height\":90,\"caption\":\"PSA- Distrigo\"},\"image\":{\"@id\":\"https:\\\/\\\/www.mydistrigo.be\\\/fr\\\/#\\\/schema\\\/logo\\\/image\\\/\"},\"sameAs\":[\"https:\\\/\\\/www.linkedin.com\\\/company\\\/distrigo-belux\\\/about\\\/\"]},{\"@type\":\"Person\",\"@id\":\"https:\\\/\\\/www.mydistrigo.be\\\/fr\\\/#\\\/schema\\\/person\\\/b89d951a23c8ca75dca3377593bd7f61\",\"name\":\"EpamOlivier\",\"image\":{\"@type\":\"ImageObject\",\"inLanguage\":\"fr-FR\",\"@id\":\"https:\\\/\\\/secure.gravatar.com\\\/avatar\\\/ee94fe607c5577bbca6aaa10fcec520aa3994ee215e5acd39dc6f566c4f53c6b?s=96&d=mm&r=g\",\"url\":\"https:\\\/\\\/secure.gravatar.com\\\/avatar\\\/ee94fe607c5577bbca6aaa10fcec520aa3994ee215e5acd39dc6f566c4f53c6b?s=96&d=mm&r=g\",\"contentUrl\":\"https:\\\/\\\/secure.gravatar.com\\\/avatar\\\/ee94fe607c5577bbca6aaa10fcec520aa3994ee215e5acd39dc6f566c4f53c6b?s=96&d=mm&r=g\",\"caption\":\"EpamOlivier\"},\"url\":\"https:\\\/\\\/www.mydistrigo.be\\\/fr\\\/author\\\/epamolivier\\\/\"}]}<\/script>\n<!-- \/ Yoast SEO plugin. -->","yoast_head_json":{"title":"Notre actualit\u00e9 \u2013 Solutions professionnelles | DISTRIGO","description":"Suivez les nouveaut\u00e9s, lancements produits et promotions de DISTRIGO pour les professionnels de l\u2019automobile \u2013 Solutions et pi\u00e8ces adapt\u00e9es aux professionnels.","robots":{"index":"index","follow":"follow","max-snippet":"max-snippet:-1","max-image-preview":"max-image-preview:large","max-video-preview":"max-video-preview:-1"},"canonical":"https:\/\/www.mydistrigo.be\/fr\/depuis-ce-1er-juillet-chez-distrigo-les-pieces-dorigine-pour-abarth-alfa-romeo-fiat-fiat-professional-jeep-et-lancia\/","og_locale":"fr_FR","og_type":"article","og_title":"Notre actualit\u00e9 \u2013 Solutions professionnelles | DISTRIGO","og_description":"Suivez les nouveaut\u00e9s, lancements produits et promotions de DISTRIGO pour les professionnels de l\u2019automobile \u2013 Solutions et pi\u00e8ces adapt\u00e9es aux professionnels.","og_url":"https:\/\/www.mydistrigo.be\/fr\/depuis-ce-1er-juillet-chez-distrigo-les-pieces-dorigine-pour-abarth-alfa-romeo-fiat-fiat-professional-jeep-et-lancia\/","og_site_name":"MyDistrigo","article_published_time":"2023-07-18T14:05:56+00:00","article_modified_time":"2023-11-16T10:52:01+00:00","og_image":[{"width":1200,"height":600,"url":"https:\/\/www.mydistrigo.be\/wp-content\/uploads\/2023\/07\/banner.jpg","type":"image\/jpeg"}],"author":"EpamOlivier","twitter_card":"summary_large_image","twitter_misc":{"\u00c9crit par":"EpamOlivier","Dur\u00e9e de lecture estim\u00e9e":"2 minutes"},"schema":{"@context":"https:\/\/schema.org","@graph":[{"@type":"Article","@id":"https:\/\/www.mydistrigo.be\/fr\/depuis-ce-1er-juillet-chez-distrigo-les-pieces-dorigine-pour-abarth-alfa-romeo-fiat-fiat-professional-jeep-et-lancia\/#article","isPartOf":{"@id":"https:\/\/www.mydistrigo.be\/fr\/depuis-ce-1er-juillet-chez-distrigo-les-pieces-dorigine-pour-abarth-alfa-romeo-fiat-fiat-professional-jeep-et-lancia\/"},"author":{"name":"EpamOlivier","@id":"https:\/\/www.mydistrigo.be\/fr\/#\/schema\/person\/b89d951a23c8ca75dca3377593bd7f61"},"headline":"Depuis ce 1er juillet chez DISTRIGO : les pi\u00e8ces d\u2019origine pour Abarth, Alfa Romeo, Fiat, Fiat Professional, Jeep et Lancia","datePublished":"2023-07-18T14:05:56+00:00","dateModified":"2023-11-16T10:52:01+00:00","mainEntityOfPage":{"@id":"https:\/\/www.mydistrigo.be\/fr\/depuis-ce-1er-juillet-chez-distrigo-les-pieces-dorigine-pour-abarth-alfa-romeo-fiat-fiat-professional-jeep-et-lancia\/"},"wordCount":222,"commentCount":0,"publisher":{"@id":"https:\/\/www.mydistrigo.be\/fr\/#organization"},"image":{"@id":"https:\/\/www.mydistrigo.be\/fr\/depuis-ce-1er-juillet-chez-distrigo-les-pieces-dorigine-pour-abarth-alfa-romeo-fiat-fiat-professional-jeep-et-lancia\/#primaryimage"},"thumbnailUrl":"https:\/\/www.mydistrigo.be\/wp-content\/uploads\/2023\/07\/banner.jpg","articleSection":["Non classifi\u00e9(e)"],"inLanguage":"fr-FR","potentialAction":[{"@type":"CommentAction","name":"Comment","target":["https:\/\/www.mydistrigo.be\/fr\/depuis-ce-1er-juillet-chez-distrigo-les-pieces-dorigine-pour-abarth-alfa-romeo-fiat-fiat-professional-jeep-et-lancia\/#respond"]}]},{"@type":"WebPage","@id":"https:\/\/www.mydistrigo.be\/fr\/depuis-ce-1er-juillet-chez-distrigo-les-pieces-dorigine-pour-abarth-alfa-romeo-fiat-fiat-professional-jeep-et-lancia\/","url":"https:\/\/www.mydistrigo.be\/fr\/depuis-ce-1er-juillet-chez-distrigo-les-pieces-dorigine-pour-abarth-alfa-romeo-fiat-fiat-professional-jeep-et-lancia\/","name":"Notre actualit\u00e9 \u2013 Solutions professionnelles | DISTRIGO","isPartOf":{"@id":"https:\/\/www.mydistrigo.be\/fr\/#website"},"primaryImageOfPage":{"@id":"https:\/\/www.mydistrigo.be\/fr\/depuis-ce-1er-juillet-chez-distrigo-les-pieces-dorigine-pour-abarth-alfa-romeo-fiat-fiat-professional-jeep-et-lancia\/#primaryimage"},"image":{"@id":"https:\/\/www.mydistrigo.be\/fr\/depuis-ce-1er-juillet-chez-distrigo-les-pieces-dorigine-pour-abarth-alfa-romeo-fiat-fiat-professional-jeep-et-lancia\/#primaryimage"},"thumbnailUrl":"https:\/\/www.mydistrigo.be\/wp-content\/uploads\/2023\/07\/banner.jpg","datePublished":"2023-07-18T14:05:56+00:00","dateModified":"2023-11-16T10:52:01+00:00","description":"Suivez les nouveaut\u00e9s, lancements produits et promotions de DISTRIGO pour les professionnels de l\u2019automobile \u2013 Solutions et pi\u00e8ces adapt\u00e9es aux professionnels.","breadcrumb":{"@id":"https:\/\/www.mydistrigo.be\/fr\/depuis-ce-1er-juillet-chez-distrigo-les-pieces-dorigine-pour-abarth-alfa-romeo-fiat-fiat-professional-jeep-et-lancia\/#breadcrumb"},"inLanguage":"fr-FR","potentialAction":[{"@type":"ReadAction","target":["https:\/\/www.mydistrigo.be\/fr\/depuis-ce-1er-juillet-chez-distrigo-les-pieces-dorigine-pour-abarth-alfa-romeo-fiat-fiat-professional-jeep-et-lancia\/"]}]},{"@type":"ImageObject","inLanguage":"fr-FR","@id":"https:\/\/www.mydistrigo.be\/fr\/depuis-ce-1er-juillet-chez-distrigo-les-pieces-dorigine-pour-abarth-alfa-romeo-fiat-fiat-professional-jeep-et-lancia\/#primaryimage","url":"https:\/\/www.mydistrigo.be\/wp-content\/uploads\/2023\/07\/banner.jpg","contentUrl":"https:\/\/www.mydistrigo.be\/wp-content\/uploads\/2023\/07\/banner.jpg","width":1200,"height":600},{"@type":"BreadcrumbList","@id":"https:\/\/www.mydistrigo.be\/fr\/depuis-ce-1er-juillet-chez-distrigo-les-pieces-dorigine-pour-abarth-alfa-romeo-fiat-fiat-professional-jeep-et-lancia\/#breadcrumb","itemListElement":[{"@type":"ListItem","position":1,"name":"Home","item":"https:\/\/www.mydistrigo.be\/fr\/"},{"@type":"ListItem","position":2,"name":"Depuis ce 1er juillet chez DISTRIGO : les pi\u00e8ces d\u2019origine pour Abarth, Alfa Romeo, Fiat, Fiat Professional, Jeep et Lancia"}]},{"@type":"WebSite","@id":"https:\/\/www.mydistrigo.be\/fr\/#website","url":"https:\/\/www.mydistrigo.be\/fr\/","name":"MyDistrigo","description":"DISTRIGO vous offre bien plus que des pi\u00e8ces de rechange.  Nous vous proposons un soutien quotidien et des solutions sur mesure pour r\u00e9pondre \u00e0 tous vos besoins, voire les anticiper. Nous souhaitons faire de vos objectifs NOS objectifs, et travailler en v\u00e9ritables co\u00e9quipiers pour avancer ensemble, dans la m\u00eame direction","publisher":{"@id":"https:\/\/www.mydistrigo.be\/fr\/#organization"},"potentialAction":[{"@type":"SearchAction","target":{"@type":"EntryPoint","urlTemplate":"https:\/\/www.mydistrigo.be\/fr\/?s={search_term_string}"},"query-input":{"@type":"PropertyValueSpecification","valueRequired":true,"valueName":"search_term_string"}}],"inLanguage":"fr-FR"},{"@type":"Organization","@id":"https:\/\/www.mydistrigo.be\/fr\/#organization","name":"PSA- Distrigo","url":"https:\/\/www.mydistrigo.be\/fr\/","logo":{"@type":"ImageObject","inLanguage":"fr-FR","@id":"https:\/\/www.mydistrigo.be\/fr\/#\/schema\/logo\/image\/","url":"https:\/\/www.mydistrigo.be\/wp-content\/uploads\/2023\/06\/logo-noir.png","contentUrl":"https:\/\/www.mydistrigo.be\/wp-content\/uploads\/2023\/06\/logo-noir.png","width":314,"height":90,"caption":"PSA- Distrigo"},"image":{"@id":"https:\/\/www.mydistrigo.be\/fr\/#\/schema\/logo\/image\/"},"sameAs":["https:\/\/www.linkedin.com\/company\/distrigo-belux\/about\/"]},{"@type":"Person","@id":"https:\/\/www.mydistrigo.be\/fr\/#\/schema\/person\/b89d951a23c8ca75dca3377593bd7f61","name":"EpamOlivier","image":{"@type":"ImageObject","inLanguage":"fr-FR","@id":"https:\/\/secure.gravatar.com\/avatar\/ee94fe607c5577bbca6aaa10fcec520aa3994ee215e5acd39dc6f566c4f53c6b?s=96&d=mm&r=g","url":"https:\/\/secure.gravatar.com\/avatar\/ee94fe607c5577bbca6aaa10fcec520aa3994ee215e5acd39dc6f566c4f53c6b?s=96&d=mm&r=g","contentUrl":"https:\/\/secure.gravatar.com\/avatar\/ee94fe607c5577bbca6aaa10fcec520aa3994ee215e5acd39dc6f566c4f53c6b?s=96&d=mm&r=g","caption":"EpamOlivier"},"url":"https:\/\/www.mydistrigo.be\/fr\/author\/epamolivier\/"}]}},"_links":{"self":[{"href":"https:\/\/www.mydistrigo.be\/fr\/wp-json\/wp\/v2\/posts\/110","targetHints":{"allow":["GET"]}}],"collection":[{"href":"https:\/\/www.mydistrigo.be\/fr\/wp-json\/wp\/v2\/posts"}],"about":[{"href":"https:\/\/www.mydistrigo.be\/fr\/wp-json\/wp\/v2\/types\/post"}],"author":[{"embeddable":true,"href":"https:\/\/www.mydistrigo.be\/fr\/wp-json\/wp\/v2\/users\/2"}],"replies":[{"embeddable":true,"href":"https:\/\/www.mydistrigo.be\/fr\/wp-json\/wp\/v2\/comments?post=110"}],"version-history":[{"count":7,"href":"https:\/\/www.mydistrigo.be\/fr\/wp-json\/wp\/v2\/posts\/110\/revisions"}],"predecessor-version":[{"id":327,"href":"https:\/\/www.mydistrigo.be\/fr\/wp-json\/wp\/v2\/posts\/110\/revisions\/327"}],"wp:featuredmedia":[{"embeddable":true,"href":"https:\/\/www.mydistrigo.be\/fr\/wp-json\/wp\/v2\/media\/118"}],"wp:attachment":[{"href":"https:\/\/www.mydistrigo.be\/fr\/wp-json\/wp\/v2\/media?parent=110"}],"wp:term":[{"taxonomy":"category","embeddable":true,"href":"https:\/\/www.mydistrigo.be\/fr\/wp-json\/wp\/v2\/categories?post=110"},{"taxonomy":"post_tag","embeddable":true,"href":"https:\/\/www.mydistrigo.be\/fr\/wp-json\/wp\/v2\/tags?post=110"}],"curies":[{"name":"wp","href":"https:\/\/api.w.org\/{rel}","templated":true}]}}